{"id":102086,"date":"2025-03-19T17:12:31","date_gmt":"2025-03-19T20:12:31","guid":{"rendered":"https:\/\/fueluniverse.tv\/blog\/?p=102086"},"modified":"2025-03-19T17:12:31","modified_gmt":"2025-03-19T20:12:31","slug":"valentin-perrone-el-estado-de-salud-del-piloto-post-gp-de-argentina","status":"publish","type":"post","link":"https:\/\/fueluniverse.tv\/blog\/motogp\/valentin-perrone-el-estado-de-salud-del-piloto-post-gp-de-argentina\/","title":{"rendered":"Valent\u00edn Perrone, el estado de salud del piloto post GP de Argentina"},"content":{"rendered":"\n<figure class=\"wp-block-image size-large is-resized\"><img decoding=\"async\" width=\"770\" height=\"513\" src=\"https:\/\/fueluniverse.tv\/blog\/wp-content\/uploads\/2025\/03\/VP73-Arg-770x513.jpg\" alt=\"\" class=\"wp-image-102087\" style=\"width:840px;height:auto\" srcset=\"https:\/\/fueluniverse.tv\/blog\/wp-content\/uploads\/2025\/03\/VP73-Arg-770x513.jpg 770w, https:\/\/fueluniverse.tv\/blog\/wp-content\/uploads\/2025\/03\/VP73-Arg-480x320.jpg 480w, https:\/\/fueluniverse.tv\/blog\/wp-content\/uploads\/2025\/03\/VP73-Arg-768x511.jpg 768w, https:\/\/fueluniverse.tv\/blog\/wp-content\/uploads\/2025\/03\/VP73-Arg.jpg 1440w\" sizes=\"(max-width: 770px) 100vw, 770px\" \/><\/figure>\n\n\n\n<p>Valent\u00edn sufri\u00f3 una fuerte ca\u00edda a poco del final de la Carrera de Moto3 en Argentina y todo fue preocupaci\u00f3n post competencia. Sin embargo, Perrone no tiene ninguna lesi\u00f3n \u00f3sea ni muscular tras los primeros an\u00e1lisis m\u00e9dicos. El piloto argentino ya parti\u00f3 \u00e9ste martes 18 rumbo a Espa\u00f1a, en busca del reposo hogare\u00f1o en Vilanova i la Geltr\u00fa.<\/p>\n\n\n\n<p>A \u201cTete\u201d, como as\u00ed lo llama su pap\u00e1, se le realizaron en Argentina los primeros estudios y luego tendr\u00e1 una nueva revisaci\u00f3n en Espa\u00f1a. Los an\u00e1lisis en nuestro pa\u00eds dieron todos negativos de lesi\u00f3n y los dolores del piloto fueron por lo fuerte de la ca\u00edda.<\/p>\n\n\n\n<p>Perrone perdi\u00f3 el control de su moto cuando se toc\u00f3 con un rival, cay\u00f3 tras el highside impactando primero con su pie izquierdo (se dobl\u00f3 hacia adentro) y luego el abrojo de su guante qued\u00f3 enganchado en el manillar de la KTM lo que le provoc\u00f3 un giro de 360\u00b0 sobre su cuerpo para terminar luego en el suelo.<\/p>\n\n\n\n<p>Tras las primeras preocupaciones de su equipo y familiares, finalmente Perrone fue recuper\u00e1ndose f\u00edsica y an\u00edmicamente. Ahora deber\u00e1 realizar reposo y esperar la evoluci\u00f3n.<\/p>\n\n\n\n<p>Perrone coment\u00f3 luego del fin de semana \u201cLa verdad no s\u00e9 ni c\u00f3mo empezar con este post ni se muy bien lo que siento ahora mismo, no s\u00e9 si estar contento por la gran semana que hemos tenido ya sea a nivel de resultados porque no he salido del top 12 durante todos los entrenos y he estado luchando en el grupo delantero hasta el susto que he tenido a falta de 6 vueltas o ya sea a nivel medi\u00e1tico\u201d<\/p>\n\n\n\n<p>\u201cTodo el recibimiento de ARGENTINA ha sido una locura, no me esperaba tanto apoyo por parte de los aficionados y quiero daros las gracias, las gracias por cada vez que gritabais mi nombre, por cada foto que me ped\u00edais y sobre todo por todos los aplausos hacia m\u00ed despu\u00e9s de la dura ca\u00edda que he sufrido en la carrera\u201d<\/p>\n","protected":false},"excerpt":{"rendered":"<p>Valent\u00edn sufri\u00f3 una fuerte ca\u00edda a poco del final de la Carrera de Moto3 en Argentina y todo fue preocupaci\u00f3n  [+]<\/p>\n","protected":false},"author":10,"featured_media":102087,"comment_status":"closed","ping_status":"closed","sticky":false,"template":"","format":"standard","meta":{"_acf_changed":false,"_exactmetrics_skip_tracking":false,"_exactmetrics_sitenote_active":false,"_exactmetrics_sitenote_note":"","_exactmetrics_sitenote_category":0,"footnotes":""},"categories":[29,10],"tags":[],"class_list":["post-102086","post","type-post","status-publish","format-standard","has-post-thumbnail","hentry","category-actualidad","category-motogp"],"acf":[],"_links":{"self":[{"href":"https:\/\/fueluniverse.tv\/blog\/wp-json\/wp\/v2\/posts\/102086","targetHints":{"allow":["GET"]}}],"collection":[{"href":"https:\/\/fueluniverse.tv\/blog\/wp-json\/wp\/v2\/posts"}],"about":[{"href":"https:\/\/fueluniverse.tv\/blog\/wp-json\/wp\/v2\/types\/post"}],"author":[{"embeddable":true,"href":"https:\/\/fueluniverse.tv\/blog\/wp-json\/wp\/v2\/users\/10"}],"replies":[{"embeddable":true,"href":"https:\/\/fueluniverse.tv\/blog\/wp-json\/wp\/v2\/comments?post=102086"}],"version-history":[{"count":1,"href":"https:\/\/fueluniverse.tv\/blog\/wp-json\/wp\/v2\/posts\/102086\/revisions"}],"predecessor-version":[{"id":102088,"href":"https:\/\/fueluniverse.tv\/blog\/wp-json\/wp\/v2\/posts\/102086\/revisions\/102088"}],"wp:featuredmedia":[{"embeddable":true,"href":"https:\/\/fueluniverse.tv\/blog\/wp-json\/wp\/v2\/media\/102087"}],"wp:attachment":[{"href":"https:\/\/fueluniverse.tv\/blog\/wp-json\/wp\/v2\/media?parent=102086"}],"wp:term":[{"taxonomy":"category","embeddable":true,"href":"https:\/\/fueluniverse.tv\/blog\/wp-json\/wp\/v2\/categories?post=102086"},{"taxonomy":"post_tag","embeddable":true,"href":"https:\/\/fueluniverse.tv\/blog\/wp-json\/wp\/v2\/tags?post=102086"}],"curies":[{"name":"wp","href":"https:\/\/api.w.org\/{rel}","templated":true}]}}