{"id":102706,"date":"2025-04-17T14:39:35","date_gmt":"2025-04-17T17:39:35","guid":{"rendered":"https:\/\/fueluniverse.tv\/blog\/?p=102706"},"modified":"2025-04-17T14:39:36","modified_gmt":"2025-04-17T17:39:36","slug":"vogel-y-los-passarino-al-amvp-de-paraguay","status":"publish","type":"post","link":"https:\/\/fueluniverse.tv\/blog\/actualidad\/vogel-y-los-passarino-al-amvp-de-paraguay\/","title":{"rendered":"Vogel y los Passarino al AMVP de Paraguay"},"content":{"rendered":"\n<figure class=\"wp-block-image size-large is-resized\"><img decoding=\"async\" width=\"770\" height=\"513\" src=\"https:\/\/fueluniverse.tv\/blog\/wp-content\/uploads\/2025\/04\/Santiago-Vogel-770x513.jpg\" alt=\"\" class=\"wp-image-102708\" style=\"width:840px;height:auto\" srcset=\"https:\/\/fueluniverse.tv\/blog\/wp-content\/uploads\/2025\/04\/Santiago-Vogel-770x513.jpg 770w, https:\/\/fueluniverse.tv\/blog\/wp-content\/uploads\/2025\/04\/Santiago-Vogel-480x320.jpg 480w, https:\/\/fueluniverse.tv\/blog\/wp-content\/uploads\/2025\/04\/Santiago-Vogel-768x512.jpg 768w, https:\/\/fueluniverse.tv\/blog\/wp-content\/uploads\/2025\/04\/Santiago-Vogel.jpg 1280w\" sizes=\"(max-width: 770px) 100vw, 770px\" \/><\/figure>\n\n\n\n<p>Santiago Vogel de Puerto Rico, Misiones, Agust\u00edn Passarino y Mauro Passarino, ambos de Resistencia, Chaco; correr\u00e1n la Temporada completa del Nacional Paraguayo de Velocidad (AMVP).<\/p>\n\n\n\n<p>Agust\u00edn y Mauro Passarino fueron presentados \u00e9ste viernes 21 de marzo como pilotos oficiales de CF Moto Paraguay. Los pilotos de Resistencia, Chaco; correr\u00e1n la Temporada 2025 del Campeonato Nacional de Velocidad Paraguayo (AMVP). Agust\u00edn, sobrino de Mauro, debut\u00f3 en 2024 y en su primera experiencia internacional logr\u00f3 podios con triunfos incluidos en la Categor\u00eda Light. En tanto Mauro vuelve con los objetivos renovados en la Divisi\u00f3n 125 Pro tras haber sido ya campeon en 2023 de la Categor\u00eda principal.<\/p>\n\n\n\n<figure class=\"wp-block-image size-large is-resized\"><img decoding=\"async\" width=\"770\" height=\"770\" src=\"https:\/\/fueluniverse.tv\/blog\/wp-content\/uploads\/2025\/04\/Agustin-Passarino-770x770.jpg\" alt=\"\" class=\"wp-image-102707\" style=\"width:840px;height:auto\" srcset=\"https:\/\/fueluniverse.tv\/blog\/wp-content\/uploads\/2025\/04\/Agustin-Passarino-770x770.jpg 770w, https:\/\/fueluniverse.tv\/blog\/wp-content\/uploads\/2025\/04\/Agustin-Passarino-480x480.jpg 480w, https:\/\/fueluniverse.tv\/blog\/wp-content\/uploads\/2025\/04\/Agustin-Passarino-768x768.jpg 768w, https:\/\/fueluniverse.tv\/blog\/wp-content\/uploads\/2025\/04\/Agustin-Passarino.jpg 1080w\" sizes=\"(max-width: 770px) 100vw, 770px\" \/><\/figure>\n\n\n\n<p>Con tan solo 13 a\u00f1os, el argentino debutar\u00e1 en la Categor\u00eda Pro del Campeonato Nacional de la Asociaci\u00f3n de Motovelocidad de Paraguay. Santi se sumar\u00e1 al equipo de Mickey Pepermans. Vogel correr\u00e1 en 125cc en la Categor\u00eda Principal del certamen. Tras un debut con victoria en Cascavel en la Copa Oeste del Campeonato Paranaense de Velocidad en la Categor\u00eda 300, Vogel tendr\u00e1 por delante un segundo objetivo: temporada completa en el Nacional paraguayo. Santi ya corri\u00f3 en dos oportunidades en el AMVP pero esta ser\u00e1 a tiempo completo para el ex piloto del Campeonato Latinoamericano de R15.<\/p>\n\n\n\n<figure class=\"wp-block-image size-large is-resized\"><img decoding=\"async\" width=\"770\" height=\"770\" src=\"https:\/\/fueluniverse.tv\/blog\/wp-content\/uploads\/2025\/04\/Los-Passarino-770x770.jpg\" alt=\"\" class=\"wp-image-102709\" style=\"width:840px;height:auto\" srcset=\"https:\/\/fueluniverse.tv\/blog\/wp-content\/uploads\/2025\/04\/Los-Passarino-770x770.jpg 770w, https:\/\/fueluniverse.tv\/blog\/wp-content\/uploads\/2025\/04\/Los-Passarino-480x480.jpg 480w, https:\/\/fueluniverse.tv\/blog\/wp-content\/uploads\/2025\/04\/Los-Passarino-768x768.jpg 768w, https:\/\/fueluniverse.tv\/blog\/wp-content\/uploads\/2025\/04\/Los-Passarino.jpg 1080w\" sizes=\"(max-width: 770px) 100vw, 770px\" \/><\/figure>\n\n\n\n<p>El AMVP comienza el 26 de abril en el Kart\u00f3dromo de Luque, Asunci\u00f3n.<\/p>\n","protected":false},"excerpt":{"rendered":"<p>Santiago Vogel de Puerto Rico, Misiones, Agust\u00edn Passarino y Mauro Passarino, ambos de Resistencia, Chaco; correr\u00e1n la Temporada completa del  [+]<\/p>\n","protected":false},"author":10,"featured_media":102708,"comment_status":"closed","ping_status":"closed","sticky":false,"template":"","format":"standard","meta":{"_acf_changed":false,"_exactmetrics_skip_tracking":false,"_exactmetrics_sitenote_active":false,"_exactmetrics_sitenote_note":"","_exactmetrics_sitenote_category":0,"footnotes":""},"categories":[29,79],"tags":[],"class_list":["post-102706","post","type-post","status-publish","format-standard","has-post-thumbnail","hentry","category-actualidad","category-velocidad"],"acf":[],"_links":{"self":[{"href":"https:\/\/fueluniverse.tv\/blog\/wp-json\/wp\/v2\/posts\/102706","targetHints":{"allow":["GET"]}}],"collection":[{"href":"https:\/\/fueluniverse.tv\/blog\/wp-json\/wp\/v2\/posts"}],"about":[{"href":"https:\/\/fueluniverse.tv\/blog\/wp-json\/wp\/v2\/types\/post"}],"author":[{"embeddable":true,"href":"https:\/\/fueluniverse.tv\/blog\/wp-json\/wp\/v2\/users\/10"}],"replies":[{"embeddable":true,"href":"https:\/\/fueluniverse.tv\/blog\/wp-json\/wp\/v2\/comments?post=102706"}],"version-history":[{"count":1,"href":"https:\/\/fueluniverse.tv\/blog\/wp-json\/wp\/v2\/posts\/102706\/revisions"}],"predecessor-version":[{"id":102710,"href":"https:\/\/fueluniverse.tv\/blog\/wp-json\/wp\/v2\/posts\/102706\/revisions\/102710"}],"wp:featuredmedia":[{"embeddable":true,"href":"https:\/\/fueluniverse.tv\/blog\/wp-json\/wp\/v2\/media\/102708"}],"wp:attachment":[{"href":"https:\/\/fueluniverse.tv\/blog\/wp-json\/wp\/v2\/media?parent=102706"}],"wp:term":[{"taxonomy":"category","embeddable":true,"href":"https:\/\/fueluniverse.tv\/blog\/wp-json\/wp\/v2\/categories?post=102706"},{"taxonomy":"post_tag","embeddable":true,"href":"https:\/\/fueluniverse.tv\/blog\/wp-json\/wp\/v2\/tags?post=102706"}],"curies":[{"name":"wp","href":"https:\/\/api.w.org\/{rel}","templated":true}]}}