{"id":105768,"date":"2025-11-19T17:47:48","date_gmt":"2025-11-19T20:47:48","guid":{"rendered":"https:\/\/fueluniverse.tv\/blog\/?p=105768"},"modified":"2025-11-19T17:47:49","modified_gmt":"2025-11-19T20:47:49","slug":"el-mundial-de-flat-track-confirmado-en-argentina","status":"publish","type":"post","link":"https:\/\/fueluniverse.tv\/blog\/actualidad\/el-mundial-de-flat-track-confirmado-en-argentina\/","title":{"rendered":"El Mundial de Flat Track confirmado en Argentina"},"content":{"rendered":"\n<figure class=\"wp-block-image size-large is-resized\"><img decoding=\"async\" width=\"770\" height=\"571\" src=\"https:\/\/fueluniverse.tv\/blog\/wp-content\/uploads\/2025\/11\/image-53-770x571.png\" alt=\"\" class=\"wp-image-105769\" style=\"width:840px;height:auto\" srcset=\"https:\/\/fueluniverse.tv\/blog\/wp-content\/uploads\/2025\/11\/image-53-770x571.png 770w, https:\/\/fueluniverse.tv\/blog\/wp-content\/uploads\/2025\/11\/image-53-480x356.png 480w, https:\/\/fueluniverse.tv\/blog\/wp-content\/uploads\/2025\/11\/image-53-768x569.png 768w, https:\/\/fueluniverse.tv\/blog\/wp-content\/uploads\/2025\/11\/image-53.png 807w\" sizes=\"(max-width: 770px) 100vw, 770px\" \/><\/figure>\n\n\n\n<p>El <strong>Campeonato Mundial FIM Flat Track 2026<\/strong> revel\u00f3 su calendario provisional, presentando una serie ambiciosa y <strong>ampliada a diez rondas<\/strong>, incluyendo cita doble para coronar al <strong>campe\u00f3n en Argentina<\/strong>. Los d\u00edas 24 y 25 de octubre est\u00e1n reservados para competir fuera de Europa, y junto a Alemania, ser\u00e1 el \u00fanico pa\u00eds con doble competici\u00f3n.<\/p>\n\n\n\n<p>Aprovechando el gran \u00e9xito de las \u00faltimas ediciones, la temporada se extender\u00e1 desde <strong>principios de mayo hasta finales de octubre<\/strong>, duplicando pr\u00e1cticamente las seis rondas programadas para 2025. La novedad m\u00e1s destacada es la <strong>primera fecha hist\u00f3rica<\/strong> del campeonato en <strong>Argentina<\/strong> para la clausura de la temporada.<\/p>\n\n\n\n<figure class=\"wp-block-image size-large is-resized\"><img decoding=\"async\" width=\"770\" height=\"433\" src=\"https:\/\/fueluniverse.tv\/blog\/wp-content\/uploads\/2025\/11\/image-54-770x433.png\" alt=\"\" class=\"wp-image-105770\" style=\"width:840px;height:auto\" srcset=\"https:\/\/fueluniverse.tv\/blog\/wp-content\/uploads\/2025\/11\/image-54-770x433.png 770w, https:\/\/fueluniverse.tv\/blog\/wp-content\/uploads\/2025\/11\/image-54-480x270.png 480w, https:\/\/fueluniverse.tv\/blog\/wp-content\/uploads\/2025\/11\/image-54-768x432.png 768w, https:\/\/fueluniverse.tv\/blog\/wp-content\/uploads\/2025\/11\/image-54.png 952w\" sizes=\"(max-width: 770px) 100vw, 770px\" \/><\/figure>\n\n\n\n<p>La competici\u00f3n dar\u00e1 comienzo en Roden (Pa\u00edses Bajos) el 9 de mayo y continuar\u00e1 tres semanas despu\u00e9s en Terenzano (Italia). Tras un descanso de cuatro semanas, la tercera ronda se disputar\u00e1 en Haunstetten (Alemania) el 27 de junio, y la cuarta tendr\u00e1 lugar en Donji Kraljevec (Croacia) el 4 de julio. Tras la pausa veraniega, el campeonato se reanudar\u00e1 el 22 de agosto en Scheessel (Alemania) y una semana despu\u00e9s se trasladar\u00e1 a King&#8217;s Lynn (Gran Breta\u00f1a) para la sexta carrera.<\/p>\n\n\n\n<p>En la s\u00e9ptima ronda, la serie har\u00e1 escala en Vasad (Hungr\u00eda) el 12 de septiembre, seguida de una visita a Pardubice (Rep\u00fablica Checa) el 3 de octubre, antes de <strong>abandonar Europa por primera vez y concluir en Argentina los d\u00edas 24 y 25 de octubre, en escenario a confirmar<\/strong>.<\/p>\n\n\n\n<p><strong>Armando Castagna, Director de la Comisi\u00f3n de Carreras de Pista de la FIM<\/strong>, declar\u00f3: \u00ab<em>Actualmente existe una gran expectativa en torno a las carreras de Flat Track, lo que convierte este momento en el ideal para expandir el Campeonato Mundial de la FIM y aprovechar este creciente inter\u00e9s. Es un deporte r\u00e1pido y espectacular que sigue atrayendo a un n\u00famero cada vez mayor de nuevos aficionados y, personalmente, estoy muy emocionado de verlo crecer y prosperar, adem\u00e1s de llegar a nuevos pa\u00edses y continentes<\/em>\u00ab.<\/p>\n\n\n\n<p>Por su lado, <strong>Fabio Muner, Director de Marketing Digital de la FIM<\/strong>, agreg\u00f3: \u00ab<em>Hemos seguido con gran entusiasmo la creciente popularidad del Campeonato Mundial de Flat Track de la FIM y creemos que es el momento adecuado para expandir la serie. Al a\u00f1adir dos rondas m\u00e1s en Europa y luego llevar el campeonato a Argentina, un pa\u00eds con una gran pasi\u00f3n por el motociclismo, tendremos la oportunidad de mostrar este deporte a un p\u00fablico mucho m\u00e1s amplio\u00bb.<\/em><\/p>\n\n\n\n<p><\/p>\n","protected":false},"excerpt":{"rendered":"<p>El Campeonato Mundial FIM Flat Track 2026 revel\u00f3 su calendario provisional, presentando una serie ambiciosa y ampliada a diez rondas,  [+]<\/p>\n","protected":false},"author":10,"featured_media":105769,"comment_status":"closed","ping_status":"closed","sticky":false,"template":"","format":"standard","meta":{"_acf_changed":false,"_exactmetrics_skip_tracking":false,"_exactmetrics_sitenote_active":false,"_exactmetrics_sitenote_note":"","_exactmetrics_sitenote_category":0,"footnotes":""},"categories":[29,3821],"tags":[],"class_list":["post-105768","post","type-post","status-publish","format-standard","has-post-thumbnail","hentry","category-actualidad","category-flat-track"],"acf":[],"_links":{"self":[{"href":"https:\/\/fueluniverse.tv\/blog\/wp-json\/wp\/v2\/posts\/105768","targetHints":{"allow":["GET"]}}],"collection":[{"href":"https:\/\/fueluniverse.tv\/blog\/wp-json\/wp\/v2\/posts"}],"about":[{"href":"https:\/\/fueluniverse.tv\/blog\/wp-json\/wp\/v2\/types\/post"}],"author":[{"embeddable":true,"href":"https:\/\/fueluniverse.tv\/blog\/wp-json\/wp\/v2\/users\/10"}],"replies":[{"embeddable":true,"href":"https:\/\/fueluniverse.tv\/blog\/wp-json\/wp\/v2\/comments?post=105768"}],"version-history":[{"count":2,"href":"https:\/\/fueluniverse.tv\/blog\/wp-json\/wp\/v2\/posts\/105768\/revisions"}],"predecessor-version":[{"id":105772,"href":"https:\/\/fueluniverse.tv\/blog\/wp-json\/wp\/v2\/posts\/105768\/revisions\/105772"}],"wp:featuredmedia":[{"embeddable":true,"href":"https:\/\/fueluniverse.tv\/blog\/wp-json\/wp\/v2\/media\/105769"}],"wp:attachment":[{"href":"https:\/\/fueluniverse.tv\/blog\/wp-json\/wp\/v2\/media?parent=105768"}],"wp:term":[{"taxonomy":"category","embeddable":true,"href":"https:\/\/fueluniverse.tv\/blog\/wp-json\/wp\/v2\/categories?post=105768"},{"taxonomy":"post_tag","embeddable":true,"href":"https:\/\/fueluniverse.tv\/blog\/wp-json\/wp\/v2\/tags?post=105768"}],"curies":[{"name":"wp","href":"https:\/\/api.w.org\/{rel}","templated":true}]}}