{"id":108811,"date":"2026-06-09T08:32:48","date_gmt":"2026-06-09T11:32:48","guid":{"rendered":"https:\/\/fueluniverse.tv\/blog\/?p=108811"},"modified":"2026-06-09T08:32:50","modified_gmt":"2026-06-09T11:32:50","slug":"ashton-boughen-dos-de-dos-arangio-a-la-final","status":"publish","type":"post","link":"https:\/\/fueluniverse.tv\/blog\/actualidad\/ashton-boughen-dos-de-dos-arangio-a-la-final\/","title":{"rendered":"Ashton Boughen, dos de dos; Arangio a la final"},"content":{"rendered":"\n<figure class=\"wp-block-image size-large is-resized\"><img decoding=\"async\" width=\"770\" height=\"513\" src=\"https:\/\/fueluniverse.tv\/blog\/wp-content\/uploads\/2026\/06\/MundialFTTeren-770x513.jpg\" alt=\"\" class=\"wp-image-108812\" style=\"aspect-ratio:1.5010356381358514;width:840px;height:auto\" srcset=\"https:\/\/fueluniverse.tv\/blog\/wp-content\/uploads\/2026\/06\/MundialFTTeren-770x513.jpg 770w, https:\/\/fueluniverse.tv\/blog\/wp-content\/uploads\/2026\/06\/MundialFTTeren-480x320.jpg 480w, https:\/\/fueluniverse.tv\/blog\/wp-content\/uploads\/2026\/06\/MundialFTTeren-768x512.jpg 768w, https:\/\/fueluniverse.tv\/blog\/wp-content\/uploads\/2026\/06\/MundialFTTeren-1536x1024.jpg 1536w, https:\/\/fueluniverse.tv\/blog\/wp-content\/uploads\/2026\/06\/MundialFTTeren-2048x1365.jpg 2048w\" sizes=\"(max-width: 770px) 100vw, 770px\" \/><\/figure>\n\n\n\n<p class=\"wp-block-paragraph\">El FIM Flat Track World Championship tuvo nuevamente a Ashton Boughen como principal protagonista. El piloto del VRX Dirt Store Ducati, gan\u00f3 todo: se impuso en los cuatro Heats que corri\u00f3 y en la final. El debutante en el Mundial logr\u00f3 as\u00ed su segunda victoria consecutiva de Main Event.<\/p>\n\n\n\n<p class=\"wp-block-paragraph\">El brit\u00e1nico confirm\u00f3 su gran aparici\u00f3n en Roden con otro s\u00f3lido resultado en la noche de Terenzano, Italia; por la 2\u00aa Fecha del Campeonato Mundial de Flat Track FIM 2026. Boughen es l\u00edder del Ranking tras las dos rondas.<\/p>\n\n\n\n<p class=\"wp-block-paragraph\">El podio volvi\u00f3 a repetirse en la 1\u00aa y 2\u00aa ubicaci\u00f3n ya que el espa\u00f1ol Gerard Bailo segund\u00f3 a Boughen con la Zaeta al igual que en Pa\u00edses Bajos. Esta vez quien se meti\u00f3 en el podio fue el campe\u00f3n, Ervin Kraj\u010dovi\u010d. El checo releg\u00f3 a Jack Bell y a Tim Neave, \u00e9ste \u00faltimo hab\u00eda logrado el 3\u00b0 puesto en Roden.<\/p>\n\n\n\n<p class=\"wp-block-paragraph\">Lo m\u00e1s destacado, adem\u00e1s del gran rendimiento de Boughen, fue la primera final para el argentino Santiago Arangio. El de Pergamino no hab\u00eda tenido un buen debut en Holanda y se tom\u00f3 revancha paso a paso: logr\u00f3 dos 6\u00b0 puestos, un 4\u00b0 y un 3\u00b0 para meterse en la Repesca y ser 2\u00b0 de Sammy Halbert. En la final logr\u00f3 el 9\u00b0 lugar por sobre el norteamericano. Santi logr\u00f3 adaptarse diferente a al Zaeta y en mejores condiciones f\u00edsicas que se reflejaron en el resultado final.<\/p>\n\n\n\n<p class=\"wp-block-paragraph\">Las pr\u00f3ximas dos fechas ser\u00e1n en fines de semanas consecutivos: el s\u00e1bado 27 de junio en Teterow, Alemania; y el 4 de julio en Donji Kraljevec, Croacia.<\/p>\n\n\n\n<h2 class=\"wp-block-heading\">Santiago Arangio, final de Mundial y podio del italiano<\/h2>\n\n\n\n<p class=\"wp-block-paragraph\">\u201cFue un fin de semana m\u00e1s que positivo\u201d, esa fue la frase principal para redondear el s\u00e1bado y domingo del argentino Santiago Arangio en Italia. Es que el pergaminense no s\u00f3lo corri\u00f3 y se meti\u00f3 en la Final de la 2\u00aa Fecha del Mundial de Flat Track, tambi\u00e9n hizo fecha del Italiano de ovalos con podio.<\/p>\n\n\n\n<p class=\"wp-block-paragraph\">El piloto de Zaeta alcanz\u00f3 el 9\u00b0 puesto en la Final de la 2\u00aa Fecha del FIM Flat Track World Championship y el 3\u00b0 puesto en la general de la 4\u00aa Fecha del Campeonato Nacional Italiano de Flat Track.<\/p>\n\n\n\n<p class=\"wp-block-paragraph\">El s\u00e1bado 30 de mayo fue la ronda mundialista y el domingo 31 de mayo la ronda italiana que debi\u00f3 ser suspendida por lluvia cuando se estaban terminando los Heats previos a la Final. Santiago consigui\u00f3 dos segundos puestos y una victoria de serie, pero el evento se cancel\u00f3 debido a la lluvia y lo dificultoso que se hab\u00eda puesto la pista del Moto Club Olimpia de Terenzano.<\/p>\n\n\n\n<p class=\"wp-block-paragraph\">\u201cSacamos muchas cosas positivas el fin de semana. En las tandas de entrenamientos previas del Mundial pudimos mejorar y, como referencia las pruebas previo a la fecha, sacamos cosas positivas para los Heats\u201d, dijo Santiago en el comienzo del an\u00e1lisis de su participaci\u00f3n.<\/p>\n\n\n\n<p class=\"wp-block-paragraph\">\u201cEn los Heats consegu\u00ed dos 6\u00b0 puestos, despu\u00e9s logr\u00e9 un 4\u00b0 y un 3\u00b0 que me permitieron largar el repechaje y en la repesca pude salir 2\u00b0 atr\u00e1s de Sammy Halbert. En la final largamos en la segunda fila y pudimos terminar en el puesto 9 girando a dos d\u00e9cimas del tiempo de la punta\u201d, a\u00f1adi\u00f3.<\/p>\n\n\n\n<p class=\"wp-block-paragraph\">\u201cFue un fin de semana m\u00e1s que positivo tanto en lo personal como en lo deportivo pudiendo volver al mismo nivel donde terminamos el a\u00f1o pasado. El objetivo era arrancar donde hab\u00edamos terminado y de ah\u00ed poder avanzando para mejorar resultados y alcanzar mejores objetivos\u201d, concluy\u00f3.<\/p>\n\n\n\n<p class=\"wp-block-paragraph\">Arangio tendr\u00e1 el 13 de junio la 5\u00aa Fecha del Italiano (ya confirmado) y las dos fechas consecutivas del Mundial: 27 de junio en Alemania y 4 de julio en Croacia. \u201c\u201cVamos a tener un mes cargadito de moto y de seguir probando y mejorando cosas para poder tener buenos resultados\u201d, agreg\u00f3 el argentino.<\/p>\n\n\n\n<p class=\"wp-block-paragraph\"><strong>RESULTADOS FINAL<\/strong><\/p>\n\n\n\n<p class=\"wp-block-paragraph\">1. #522 Ashton Boughen (Gran Breta\u00f1a)<\/p>\n\n\n\n<p class=\"wp-block-paragraph\">2. #17 Gerard Bailo Pelegrin (Espa\u00f1a) &#8211; +0.916s<\/p>\n\n\n\n<p class=\"wp-block-paragraph\">3. #1 Ervin Kraj\u010dovi\u010d (Rep Checa) +0.994s<\/p>\n\n\n\n<p class=\"wp-block-paragraph\">4. #93 Jack Bell (Gran Breta\u00f1a) +1.116s<\/p>\n\n\n\n<p class=\"wp-block-paragraph\">5. #54 Tim Neave (Gran Breta\u00f1a) +1.457s<\/p>\n\n\n\n<p class=\"wp-block-paragraph\">6. #41 S\u00e9bastien Jeanpierre (Francia) +3.311s<\/p>\n\n\n\n<p class=\"wp-block-paragraph\">7. #22 Ondrej Svedik (Rep Checa) +4.300s<\/p>\n\n\n\n<p class=\"wp-block-paragraph\">8. #90 Daniele Tonelli (Italia) +4.419s<\/p>\n\n\n\n<p class=\"wp-block-paragraph\">9. #16 Santiago Arangio (Argentina) +5.204s<\/p>\n\n\n\n<p class=\"wp-block-paragraph\">10. #69 Sammy Halbert (Estados Unidos) +7.464s<\/p>\n\n\n\n<p class=\"wp-block-paragraph\">11. #111 Gary Birtwistle (Gran Breta\u00f1a) +7.890s<\/p>\n\n\n\n<p class=\"wp-block-paragraph\">12. #7 Stanislav Ohorodnik (Ucrania) +8.072s<\/p>\n\n\n\n<p class=\"wp-block-paragraph\"><strong>CAMPEONATO<\/strong><\/p>\n\n\n\n<p class=\"wp-block-paragraph\">1. #522 Ashton Boughen &#8211; 51<\/p>\n\n\n\n<p class=\"wp-block-paragraph\">2. #17 Gerard Bailo Pelegrin &#8211; 45<\/p>\n\n\n\n<p class=\"wp-block-paragraph\">3. #1 Ervin Kraj\u010dovi\u010d &#8211; 36<\/p>\n\n\n\n<p class=\"wp-block-paragraph\">4. #54 Tim Neave &#8211; 36<\/p>\n\n\n\n<p class=\"wp-block-paragraph\">5. #93 Jack Bell &#8211; 36<\/p>\n\n\n\n<p class=\"wp-block-paragraph\">6. #90 Daniele Tonelli &#8211; 28<\/p>\n\n\n\n<p class=\"wp-block-paragraph\">7. #22 Ondrej Svedik &#8211; 23<\/p>\n\n\n\n<p class=\"wp-block-paragraph\">8. #41 S\u00e9bastien Jeanpierre &#8211; 22<\/p>\n\n\n\n<p class=\"wp-block-paragraph\">9. #7 Stanislav Ohorodnik &#8211; 19<\/p>\n\n\n\n<p class=\"wp-block-paragraph\">10. #20 Stef Hamstra \u2013 16<\/p>\n\n\n\n<p class=\"wp-block-paragraph\">11. #179 William Bonnici \u2013 16<\/p>\n\n\n\n<p class=\"wp-block-paragraph\">12. #3 Saku Portillo \u2013 15<\/p>\n\n\n\n<p class=\"wp-block-paragraph\">13. #143 Daniele Tuzi \u2013 14<\/p>\n\n\n\n<p class=\"wp-block-paragraph\">14. #100 Menno Van Meer &#8211; 13<\/p>\n\n\n\n<p class=\"wp-block-paragraph\">15. #16 Santiago Arangio \u2013 12<\/p>\n\n\n\n<p class=\"wp-block-paragraph\"><strong>CALENDARIO \u2013 Lo que sigue<\/strong><\/p>\n\n\n\n<p class=\"wp-block-paragraph\">Fecha 3 \u2013 27 de junio &#8211; Teterow, Alemania<\/p>\n\n\n\n<p class=\"wp-block-paragraph\">Fecha 4 \u2013 4 de julio \u2013 Donji Kraljevec, Croacia<\/p>\n\n\n\n<p class=\"wp-block-paragraph\">Fecha 5 \u2013 22 de agosto \u2013 Scheessel, Alemania<\/p>\n\n\n\n<p class=\"wp-block-paragraph\">Fecha 6 \u2013 29 de agosto \u2013 King\u2019s Lynn, Gran Breta\u00f1a<\/p>\n\n\n\n<p class=\"wp-block-paragraph\">Fecha 7 \u2013 12 de septiembre \u2013 Vasad, Hungr\u00eda<\/p>\n\n\n\n<p class=\"wp-block-paragraph\">Fecha 8 \u2013 3 de octubre \u2013 Pardubice, Rep\u00fablica Checa<\/p>\n\n\n\n<p class=\"wp-block-paragraph\">Fecha 9 \u2013 24 de octubre \u2013 Totoras, Argentina<\/p>\n\n\n\n<p class=\"wp-block-paragraph\">Fecha 10 \u2013 25 de octubre \u2013 Totoras, Argentina<\/p>\n","protected":false},"excerpt":{"rendered":"<p>El FIM Flat Track World Championship tuvo nuevamente a Ashton Boughen como principal protagonista. El piloto del VRX Dirt Store  [+]<\/p>\n","protected":false},"author":10,"featured_media":108812,"comment_status":"closed","ping_status":"closed","sticky":false,"template":"","format":"standard","meta":{"_acf_changed":false,"_exactmetrics_skip_tracking":false,"_exactmetrics_sitenote_active":false,"_exactmetrics_sitenote_note":"","_exactmetrics_sitenote_category":0,"footnotes":""},"categories":[29,3821],"tags":[],"class_list":["post-108811","post","type-post","status-publish","format-standard","has-post-thumbnail","hentry","category-actualidad","category-flat-track"],"acf":[],"_links":{"self":[{"href":"https:\/\/fueluniverse.tv\/blog\/wp-json\/wp\/v2\/posts\/108811","targetHints":{"allow":["GET"]}}],"collection":[{"href":"https:\/\/fueluniverse.tv\/blog\/wp-json\/wp\/v2\/posts"}],"about":[{"href":"https:\/\/fueluniverse.tv\/blog\/wp-json\/wp\/v2\/types\/post"}],"author":[{"embeddable":true,"href":"https:\/\/fueluniverse.tv\/blog\/wp-json\/wp\/v2\/users\/10"}],"replies":[{"embeddable":true,"href":"https:\/\/fueluniverse.tv\/blog\/wp-json\/wp\/v2\/comments?post=108811"}],"version-history":[{"count":1,"href":"https:\/\/fueluniverse.tv\/blog\/wp-json\/wp\/v2\/posts\/108811\/revisions"}],"predecessor-version":[{"id":108813,"href":"https:\/\/fueluniverse.tv\/blog\/wp-json\/wp\/v2\/posts\/108811\/revisions\/108813"}],"wp:featuredmedia":[{"embeddable":true,"href":"https:\/\/fueluniverse.tv\/blog\/wp-json\/wp\/v2\/media\/108812"}],"wp:attachment":[{"href":"https:\/\/fueluniverse.tv\/blog\/wp-json\/wp\/v2\/media?parent=108811"}],"wp:term":[{"taxonomy":"category","embeddable":true,"href":"https:\/\/fueluniverse.tv\/blog\/wp-json\/wp\/v2\/categories?post=108811"},{"taxonomy":"post_tag","embeddable":true,"href":"https:\/\/fueluniverse.tv\/blog\/wp-json\/wp\/v2\/tags?post=108811"}],"curies":[{"name":"wp","href":"https:\/\/api.w.org\/{rel}","templated":true}]}}