{"id":109839,"date":"2026-08-31T19:13:38","date_gmt":"2026-08-31T22:13:38","guid":{"rendered":"https:\/\/fueluniverse.tv\/blog\/?p=109839"},"modified":"2026-08-31T19:13:41","modified_gmt":"2026-08-31T22:13:41","slug":"eli-tomac-confirmo-su-retiro","status":"publish","type":"post","link":"https:\/\/fueluniverse.tv\/blog\/actualidad\/eli-tomac-confirmo-su-retiro\/","title":{"rendered":"Eli Tomac confirm\u00f3 su retiro"},"content":{"rendered":"\n<figure class=\"wp-block-image size-full is-resized\"><img decoding=\"async\" width=\"674\" height=\"468\" src=\"https:\/\/fueluniverse.tv\/blog\/wp-content\/uploads\/2026\/08\/image-48.png\" alt=\"\" class=\"wp-image-109840\" style=\"width:840px;height:auto\" srcset=\"https:\/\/fueluniverse.tv\/blog\/wp-content\/uploads\/2026\/08\/image-48.png 674w, https:\/\/fueluniverse.tv\/blog\/wp-content\/uploads\/2026\/08\/image-48-480x333.png 480w\" sizes=\"(max-width: 674px) 100vw, 674px\" \/><\/figure>\n\n\n\n<p class=\"wp-block-paragraph\">Eli Tomac, una de las figuras m\u00e1s influyentes y exitosas en la historia del motocross y supercross estadounidense, confirm\u00f3 que se retirar\u00e1 de la competencia profesional al finalizar el Campeonato Mundial de SuperMotocross 2026. Con 33 a\u00f1os y una trayectoria que abarca 17 temporadas, el piloto de Colorado pondr\u00e1 punto final a una carrera que dej\u00f3 huella en cada categor\u00eda en la que compiti\u00f3.<\/p>\n\n\n\n<p class=\"wp-block-paragraph\">Tomac acumul\u00f3 un palmar\u00e9s extraordinario: dos t\u00edtulos de AMA Supercross 450SX, cuatro campeonatos de AMA Pro Motocross 450MX, un campeonato 250MX, otro en 250SX Oeste y la corona mundial de Mundial de Supercross FIM dentro de la SX1 en 2024. Adem\u00e1s, es el segundo piloto con m\u00e1s victorias en 450SX (57 triunfos) y el cuarto con m\u00e1s victorias generales en 450MX (32). Su impacto trascendi\u00f3 incluso lo deportivo, siendo reconocido con un ESPY en 2022 como Mejor Atleta de Deportes de Acci\u00f3n.<\/p>\n\n\n\n<p class=\"wp-block-paragraph\">En 2026, Tomac compiti\u00f3 con Red Bull KTM Factory Racing, logrando cuatro victorias en Supercross y extendiendo su r\u00e9cord hist\u00f3rico en Daytona con un octavo triunfo. El equipo destac\u00f3 su profesionalismo, \u00e9tica de trabajo y capacidad competitiva, subrayando que incluso en su \u00faltima temporada se mantuvo en la lucha por victorias y t\u00edtulos.<\/p>\n\n\n\n<p class=\"wp-block-paragraph\">El piloto expres\u00f3 que la decisi\u00f3n fue \u201cla m\u00e1s dif\u00edcil\u201d de su carrera, pero que siente que \u201cel momento es ahora\u201d. Agradeci\u00f3 a su familia, equipos y aficionados por acompa\u00f1arlo durante 25 a\u00f1os dedicados por completo al motocross y supercross. Red Bull KTM acompa\u00f1ar\u00e1 a Tomac en las \u00faltimas tres rondas del SMX Playoffs, que culminar\u00e1n el 26 de septiembre en Ridgedale, Missouri, donde cerrar\u00e1 oficialmente una de las carreras m\u00e1s legendarias del deporte.<\/p>\n\n\n\n<h3 class=\"wp-block-heading\"><strong>Eli Tomac, piloto de la Clase 450SMX de Red Bull KTM Factory Racing:<\/strong><\/h3>\n\n\n\n<p class=\"wp-block-paragraph\"><em>\u00abMe retirar\u00e9 del Supercross y del motocross a finales de septiembre, despu\u00e9s de las \u00faltimas tres rondas del SMX. Esta ha sido la decisi\u00f3n m\u00e1s dif\u00edcil que he tomado en toda mi carrera profesional, pero s\u00e9 en mi coraz\u00f3n que el momento es ahora y que es la decisi\u00f3n correcta. He ganado carreras y campeonatos m\u00e1s all\u00e1 de lo que jam\u00e1s imagin\u00e9. Las carreras han sido lo \u00fanico a lo que me he dedicado y lo \u00fanico que he conocido durante los \u00faltimos 25 a\u00f1os, pero no lo cambiar\u00eda por nada\u00bb.<\/em><\/p>\n\n\n\n<h3 class=\"wp-block-heading\"><strong>Ian Harrison, director del equipo Red Bull KTM Factory Racing:<\/strong><\/h3>\n\n\n\n<p class=\"wp-block-paragraph\"><em>\u00abEli irrumpi\u00f3 en la escena hace m\u00e1s de d\u00e9cada y media, y si no estaba en tu equipo, seguro deseabas que lo estuviera, porque de lo contrario terminar\u00edas luchando contra \u00e9l para intentar ganar. A lo largo de los a\u00f1os, Eli se convirti\u00f3 en el segundo piloto con m\u00e1s victorias en la historia del Supercross y gan\u00f3 m\u00faltiples campeonatos nacionales y de Supercross. Este a\u00f1o tuvimos el privilegio de trabajar con \u00e9l, y no fue diferente: cada semana peleaba por el t\u00edtulo y por las victorias. Eli es un piloto incre\u00edble, y para el equipo y para m\u00ed fue un regalo ver c\u00f3mo trabaja y comprender mejor su deportividad y \u00e9tica de trabajo, despu\u00e9s de tantos a\u00f1os compitiendo en su contra. Pero, como todo lo bueno, eventualmente llega a su fin, y con eso Eli ha decidido retirarse al final de esta temporada. Nuestro equipo est\u00e1 agradecido por la oportunidad que tuvimos y sabemos que, haga lo que haga en el futuro, ser\u00e1 exitoso. Eli es un trabajador incansable, disciplinado y dedicado, y realmente le deseamos a \u00e9l y a su familia lo mejor\u00bb.<\/em><\/p>\n\n\n\n<h3 class=\"wp-block-heading\"><strong>Logros destacados de la carrera de Eli Tomac<\/strong><\/h3>\n\n\n\n<ul class=\"wp-block-list\">\n<li><strong>Bicampe\u00f3n del AMA Supercross 450SX<\/strong> (2020, 2022)<\/li>\n\n\n\n<li><strong>57 victorias en 450SX<\/strong> (segundo en la historia)<\/li>\n\n\n\n<li><strong>Cuatro veces campe\u00f3n del AMA Pro Motocross 450MX<\/strong> (2017, 2018, 2019, 2022)<\/li>\n\n\n\n<li><strong>32 victorias generales en 450MX<\/strong> (cuarto en la historia)<\/li>\n\n\n\n<li><strong>Campe\u00f3n del AMA Pro Motocross 250MX 2013<\/strong><\/li>\n\n\n\n<li><strong>Campe\u00f3n del AMA Supercross 250SX Oeste 2012<\/strong><\/li>\n\n\n\n<li><strong>Campe\u00f3n del FIM World Supercross SX1 2024<\/strong><\/li>\n\n\n\n<li><strong>R\u00e9cord absoluto de ocho victorias en Daytona Supercross<\/strong> (2016, 2017, 2019, 2020, 2021, 2022, 2023, 2026)<\/li>\n\n\n\n<li><strong>Ganador del premio ESPY 2022<\/strong> (Mejor Atleta Masculino de Deportes de Acci\u00f3n)<\/li>\n<\/ul>\n","protected":false},"excerpt":{"rendered":"<p>Eli Tomac, una de las figuras m\u00e1s influyentes y exitosas en la historia del motocross y supercross estadounidense, confirm\u00f3 que  [+]<\/p>\n","protected":false},"author":10,"featured_media":109840,"comment_status":"closed","ping_status":"closed","sticky":false,"template":"","format":"standard","meta":{"_acf_changed":false,"_exactmetrics_skip_tracking":false,"_exactmetrics_sitenote_active":false,"_exactmetrics_sitenote_note":"","_exactmetrics_sitenote_category":0,"footnotes":""},"categories":[29,59,3673],"tags":[],"class_list":["post-109839","post","type-post","status-publish","format-standard","has-post-thumbnail","hentry","category-actualidad","category-motocross","category-supercross"],"acf":[],"_links":{"self":[{"href":"https:\/\/fueluniverse.tv\/blog\/wp-json\/wp\/v2\/posts\/109839","targetHints":{"allow":["GET"]}}],"collection":[{"href":"https:\/\/fueluniverse.tv\/blog\/wp-json\/wp\/v2\/posts"}],"about":[{"href":"https:\/\/fueluniverse.tv\/blog\/wp-json\/wp\/v2\/types\/post"}],"author":[{"embeddable":true,"href":"https:\/\/fueluniverse.tv\/blog\/wp-json\/wp\/v2\/users\/10"}],"replies":[{"embeddable":true,"href":"https:\/\/fueluniverse.tv\/blog\/wp-json\/wp\/v2\/comments?post=109839"}],"version-history":[{"count":1,"href":"https:\/\/fueluniverse.tv\/blog\/wp-json\/wp\/v2\/posts\/109839\/revisions"}],"predecessor-version":[{"id":109841,"href":"https:\/\/fueluniverse.tv\/blog\/wp-json\/wp\/v2\/posts\/109839\/revisions\/109841"}],"wp:featuredmedia":[{"embeddable":true,"href":"https:\/\/fueluniverse.tv\/blog\/wp-json\/wp\/v2\/media\/109840"}],"wp:attachment":[{"href":"https:\/\/fueluniverse.tv\/blog\/wp-json\/wp\/v2\/media?parent=109839"}],"wp:term":[{"taxonomy":"category","embeddable":true,"href":"https:\/\/fueluniverse.tv\/blog\/wp-json\/wp\/v2\/categories?post=109839"},{"taxonomy":"post_tag","embeddable":true,"href":"https:\/\/fueluniverse.tv\/blog\/wp-json\/wp\/v2\/tags?post=109839"}],"curies":[{"name":"wp","href":"https:\/\/api.w.org\/{rel}","templated":true}]}}