{"id":109842,"date":"2026-09-01T10:16:33","date_gmt":"2026-09-01T13:16:33","guid":{"rendered":"https:\/\/fueluniverse.tv\/blog\/?p=109842"},"modified":"2026-09-01T10:16:35","modified_gmt":"2026-09-01T13:16:35","slug":"san-carlos-sin-definiciones-de-campeonatos-hasta-la-ultima-fecha","status":"publish","type":"post","link":"https:\/\/fueluniverse.tv\/blog\/actualidad\/san-carlos-sin-definiciones-de-campeonatos-hasta-la-ultima-fecha\/","title":{"rendered":"San Carlos, sin definiciones de campeonatos hasta la \u00faltima fecha"},"content":{"rendered":"\n<figure class=\"wp-block-image size-large is-resized\"><img decoding=\"async\" width=\"770\" height=\"513\" src=\"https:\/\/fueluniverse.tv\/blog\/wp-content\/uploads\/2026\/09\/Viganoni-y-Lorenzato-770x513.jpeg\" alt=\"\" class=\"wp-image-109843\" style=\"aspect-ratio:1.5010356381358514;width:840px;height:auto\" srcset=\"https:\/\/fueluniverse.tv\/blog\/wp-content\/uploads\/2026\/09\/Viganoni-y-Lorenzato-770x513.jpeg 770w, https:\/\/fueluniverse.tv\/blog\/wp-content\/uploads\/2026\/09\/Viganoni-y-Lorenzato-480x320.jpeg 480w, https:\/\/fueluniverse.tv\/blog\/wp-content\/uploads\/2026\/09\/Viganoni-y-Lorenzato-768x511.jpeg 768w, https:\/\/fueluniverse.tv\/blog\/wp-content\/uploads\/2026\/09\/Viganoni-y-Lorenzato.jpeg 1280w\" sizes=\"(max-width: 770px) 100vw, 770px\" \/><\/figure>\n\n\n\n<p class=\"wp-block-paragraph\">La pen\u00faltima del Certamen Argentino de Motociclismo en el Circuito Juan Betique de San Carlos Sud, Santa Fe; pod\u00eda ser escenario de campeones. Sin embargo ning\u00fan t\u00edtulo se defini\u00f3 aunque varios ya se perfilaron.<\/p>\n\n\n\n<p class=\"wp-block-paragraph\">En 110cc Mayores David Florenza gan\u00f3 su tercera final del a\u00f1o con el l\u00edder del campeonato Maximo Vicente en tercer puesto. El de Marcos Ju\u00e1rez qued\u00f3 a nada de ser bicampe\u00f3n: apenas medio punto lo separan de lograrlo ya que en la \u00faltima fecha se otorga puntaje y medio.<\/p>\n\n\n\n<figure class=\"wp-block-image size-large\"><img decoding=\"async\" width=\"770\" height=\"513\" src=\"https:\/\/fueluniverse.tv\/blog\/wp-content\/uploads\/2026\/09\/Florenza-Fornero-770x513.jpeg\" alt=\"\" class=\"wp-image-109844\" srcset=\"https:\/\/fueluniverse.tv\/blog\/wp-content\/uploads\/2026\/09\/Florenza-Fornero-770x513.jpeg 770w, https:\/\/fueluniverse.tv\/blog\/wp-content\/uploads\/2026\/09\/Florenza-Fornero-480x320.jpeg 480w, https:\/\/fueluniverse.tv\/blog\/wp-content\/uploads\/2026\/09\/Florenza-Fornero-768x512.jpeg 768w, https:\/\/fueluniverse.tv\/blog\/wp-content\/uploads\/2026\/09\/Florenza-Fornero-1536x1023.jpeg 1536w, https:\/\/fueluniverse.tv\/blog\/wp-content\/uploads\/2026\/09\/Florenza-Fornero.jpeg 1600w\" sizes=\"(max-width: 770px) 100vw, 770px\" \/><\/figure>\n\n\n\n<p class=\"wp-block-paragraph\">En 110 Menores fue la cuarta victoria del a\u00f1o para Ian Olmedo de Suardi y sigue escolta en el Campeonato detr\u00e1s de Juan Ignacio Niconezuk, que hizo pole, gan\u00f3 serie y logr\u00f3 el 2\u00b0 puesto en la final.<\/p>\n\n\n\n<figure class=\"wp-block-image size-large\"><img decoding=\"async\" width=\"770\" height=\"513\" src=\"https:\/\/fueluniverse.tv\/blog\/wp-content\/uploads\/2026\/09\/Ian-Olmedo-Niconezuck-770x513.jpeg\" alt=\"\" class=\"wp-image-109845\" srcset=\"https:\/\/fueluniverse.tv\/blog\/wp-content\/uploads\/2026\/09\/Ian-Olmedo-Niconezuck-770x513.jpeg 770w, https:\/\/fueluniverse.tv\/blog\/wp-content\/uploads\/2026\/09\/Ian-Olmedo-Niconezuck-480x320.jpeg 480w, https:\/\/fueluniverse.tv\/blog\/wp-content\/uploads\/2026\/09\/Ian-Olmedo-Niconezuck-768x512.jpeg 768w, https:\/\/fueluniverse.tv\/blog\/wp-content\/uploads\/2026\/09\/Ian-Olmedo-Niconezuck-1536x1023.jpeg 1536w, https:\/\/fueluniverse.tv\/blog\/wp-content\/uploads\/2026\/09\/Ian-Olmedo-Niconezuck.jpeg 1600w\" sizes=\"(max-width: 770px) 100vw, 770px\" \/><\/figure>\n\n\n\n<p class=\"wp-block-paragraph\">En Minimoto el sancarlino Agust\u00edn Peralta se impuso por 6a vez en el a\u00f1o y sigue l\u00edder del Campeonato. Gan\u00f3 Pole, Serie y Final.<\/p>\n\n\n\n<figure class=\"wp-block-image size-large\"><img decoding=\"async\" width=\"770\" height=\"513\" src=\"https:\/\/fueluniverse.tv\/blog\/wp-content\/uploads\/2026\/09\/Agustin-Peralta-770x513.jpeg\" alt=\"\" class=\"wp-image-109846\" srcset=\"https:\/\/fueluniverse.tv\/blog\/wp-content\/uploads\/2026\/09\/Agustin-Peralta-770x513.jpeg 770w, https:\/\/fueluniverse.tv\/blog\/wp-content\/uploads\/2026\/09\/Agustin-Peralta-480x320.jpeg 480w, https:\/\/fueluniverse.tv\/blog\/wp-content\/uploads\/2026\/09\/Agustin-Peralta-768x512.jpeg 768w, https:\/\/fueluniverse.tv\/blog\/wp-content\/uploads\/2026\/09\/Agustin-Peralta-1536x1023.jpeg 1536w, https:\/\/fueluniverse.tv\/blog\/wp-content\/uploads\/2026\/09\/Agustin-Peralta.jpeg 1600w\" sizes=\"(max-width: 770px) 100vw, 770px\" \/><\/figure>\n\n\n\n<p class=\"wp-block-paragraph\">Juan Cruz Lagunas lo hizo de nuevo: por segunda fecha consecutiva gan\u00f3 la Final de 50cc Escuela Promocional del CAM. Mateo Cuneo, el l\u00edder del campeonato, perdi\u00f3 puntos importantes tras una ca\u00edda y recuperarse para ser 12\u00b0 en la final.<\/p>\n\n\n\n<figure class=\"wp-block-image size-large\"><img decoding=\"async\" width=\"770\" height=\"513\" src=\"https:\/\/fueluniverse.tv\/blog\/wp-content\/uploads\/2026\/09\/Juan-Cruz-Lagunas-770x513.jpeg\" alt=\"\" class=\"wp-image-109847\" srcset=\"https:\/\/fueluniverse.tv\/blog\/wp-content\/uploads\/2026\/09\/Juan-Cruz-Lagunas-770x513.jpeg 770w, https:\/\/fueluniverse.tv\/blog\/wp-content\/uploads\/2026\/09\/Juan-Cruz-Lagunas-480x320.jpeg 480w, https:\/\/fueluniverse.tv\/blog\/wp-content\/uploads\/2026\/09\/Juan-Cruz-Lagunas-768x512.jpeg 768w, https:\/\/fueluniverse.tv\/blog\/wp-content\/uploads\/2026\/09\/Juan-Cruz-Lagunas-1536x1023.jpeg 1536w, https:\/\/fueluniverse.tv\/blog\/wp-content\/uploads\/2026\/09\/Juan-Cruz-Lagunas.jpeg 1600w\" sizes=\"(max-width: 770px) 100vw, 770px\" \/><\/figure>\n\n\n\n<p class=\"wp-block-paragraph\">En 125cc Graduados Juan Jos\u00e9 Coduri logr\u00f3 su 3ra en San Carlos y Nro 56 en la historia para estirar la definici\u00f3n con Maxi Varas, que fue escolta del galvense, y el t\u00edtulo se definir\u00e1 en la \u00faltima fecha.<\/p>\n\n\n\n<figure class=\"wp-block-image size-large\"><img decoding=\"async\" width=\"770\" height=\"513\" src=\"https:\/\/fueluniverse.tv\/blog\/wp-content\/uploads\/2026\/09\/Coduri-770x513.jpeg\" alt=\"\" class=\"wp-image-109848\" srcset=\"https:\/\/fueluniverse.tv\/blog\/wp-content\/uploads\/2026\/09\/Coduri-770x513.jpeg 770w, https:\/\/fueluniverse.tv\/blog\/wp-content\/uploads\/2026\/09\/Coduri-480x320.jpeg 480w, https:\/\/fueluniverse.tv\/blog\/wp-content\/uploads\/2026\/09\/Coduri-768x512.jpeg 768w, https:\/\/fueluniverse.tv\/blog\/wp-content\/uploads\/2026\/09\/Coduri-1536x1023.jpeg 1536w, https:\/\/fueluniverse.tv\/blog\/wp-content\/uploads\/2026\/09\/Coduri.jpeg 1600w\" sizes=\"(max-width: 770px) 100vw, 770px\" \/><\/figure>\n\n\n\n<p class=\"wp-block-paragraph\">Por tercer a\u00f1o consecutivo Segundo Peluccio se impuso en San Carlos en la Final de 125cc Internacional. Lleg\u00f3 a las 7 victorias en el a\u00f1o y 10 en la categor\u00eda para seguir siendo l\u00edder.-<\/p>\n\n\n\n<figure class=\"wp-block-image size-large\"><img decoding=\"async\" width=\"770\" height=\"521\" src=\"https:\/\/fueluniverse.tv\/blog\/wp-content\/uploads\/2026\/09\/Final-Internacional-770x521.jpeg\" alt=\"\" class=\"wp-image-109849\" srcset=\"https:\/\/fueluniverse.tv\/blog\/wp-content\/uploads\/2026\/09\/Final-Internacional-770x521.jpeg 770w, https:\/\/fueluniverse.tv\/blog\/wp-content\/uploads\/2026\/09\/Final-Internacional-480x325.jpeg 480w, https:\/\/fueluniverse.tv\/blog\/wp-content\/uploads\/2026\/09\/Final-Internacional-768x519.jpeg 768w, https:\/\/fueluniverse.tv\/blog\/wp-content\/uploads\/2026\/09\/Final-Internacional.jpeg 1380w\" sizes=\"(max-width: 770px) 100vw, 770px\" \/><\/figure>\n\n\n\n<p class=\"wp-block-paragraph\">En 450cc Internacional fue la tercera victoria del a\u00f1o y sigue del l\u00edder del campeonato Juan Viganoni. Super\u00f3 a Mat\u00edas Lorenzato y Mat\u00edas Frey que lo escoltaron.<\/p>\n\n\n\n<p class=\"wp-block-paragraph\"><\/p>\n\n\n\n<p class=\"wp-block-paragraph\"><strong>PODIO \u2013 110cc Mayores<\/strong><\/p>\n\n\n\n<p class=\"wp-block-paragraph\">1. David Florenza \u2013 Fray Luis Beltr\u00e1n<\/p>\n\n\n\n<p class=\"wp-block-paragraph\">2. Fabio Fornero \u2013 Las Varillas<\/p>\n\n\n\n<p class=\"wp-block-paragraph\">3. M\u00e1ximo Vicente \u2013 Marcos Ju\u00e1rez<\/p>\n\n\n\n<p class=\"wp-block-paragraph\">4. Daniel Ch\u00e1vez \u2013 Bandera<\/p>\n\n\n\n<p class=\"wp-block-paragraph\">5. Maximiliano C\u00e1ceres \u2013 Justiniano Posse<\/p>\n\n\n\n<p class=\"wp-block-paragraph\"><strong>POSICIONES<\/strong><\/p>\n\n\n\n<p class=\"wp-block-paragraph\">1. M\u00e1ximo Vicente \u2013 205<\/p>\n\n\n\n<p class=\"wp-block-paragraph\">2. David Florenza \u2013 159<\/p>\n\n\n\n<p class=\"wp-block-paragraph\">3. Daniel Ch\u00e1vez \u2013 151<\/p>\n\n\n\n<p class=\"wp-block-paragraph\">4. Leonardo Fornero \u2013 141<\/p>\n\n\n\n<p class=\"wp-block-paragraph\">5. Fabio Fornero \u2013 138<\/p>\n\n\n\n<p class=\"wp-block-paragraph\"><strong>PODIO &#8211; 110cc Menores<\/strong><\/p>\n\n\n\n<p class=\"wp-block-paragraph\">1. Ian Olmedo \u2013 Suardi<\/p>\n\n\n\n<p class=\"wp-block-paragraph\">2. Juan Ignacio Niconezuk \u2013 Justiniano Posse<\/p>\n\n\n\n<p class=\"wp-block-paragraph\">3. Valentin Acosta \u2013 La Rioja<\/p>\n\n\n\n<p class=\"wp-block-paragraph\">4. Mat\u00edas Bustillo \u2013 Concordia<\/p>\n\n\n\n<p class=\"wp-block-paragraph\">5. Marcos Pereyra \u2013 General Deheza<\/p>\n\n\n\n<p class=\"wp-block-paragraph\"><strong>POSICIONES<\/strong><\/p>\n\n\n\n<p class=\"wp-block-paragraph\">1. Juan Ignacio Niconezuk \u2013 195<\/p>\n\n\n\n<p class=\"wp-block-paragraph\">2. Ian Olmedo \u2013 184<\/p>\n\n\n\n<p class=\"wp-block-paragraph\">3. Mat\u00edas Bustillo \u2013 164<\/p>\n\n\n\n<p class=\"wp-block-paragraph\">4. Marcos Pereyra \u2013 163<\/p>\n\n\n\n<p class=\"wp-block-paragraph\">5. Agust\u00edn Teruel \u2013 153<\/p>\n\n\n\n<p class=\"wp-block-paragraph\"><strong>PODIO \u2013 50cc Minimoto<\/strong><\/p>\n\n\n\n<p class=\"wp-block-paragraph\">1. Agust\u00edn Peralta \u2013 San Carlos Centro<\/p>\n\n\n\n<p class=\"wp-block-paragraph\">2. Nicol\u00e1s Barrionuevo \u2013 La Banda, Santiago<\/p>\n\n\n\n<p class=\"wp-block-paragraph\">3. Mat\u00edas Carranza \u2013 Huinca Renanc\u00f3<\/p>\n\n\n\n<p class=\"wp-block-paragraph\">4. Bruno Guti\u00e9rrez \u2013 La Banda, Santiago<\/p>\n\n\n\n<p class=\"wp-block-paragraph\">5. Fernando Nievas \u2013 Las Pe\u00f1as, Cba<\/p>\n\n\n\n<p class=\"wp-block-paragraph\"><strong>POSICIONES<\/strong><\/p>\n\n\n\n<p class=\"wp-block-paragraph\">1. Agust\u00edn Peralta \u2013 235<\/p>\n\n\n\n<p class=\"wp-block-paragraph\">2. Nicol\u00e1s Barrionuevo \u2013 203<\/p>\n\n\n\n<p class=\"wp-block-paragraph\">3. Fernando Nievas \u2013 190<\/p>\n\n\n\n<p class=\"wp-block-paragraph\">4. Mat\u00edas Carranza \u2013 130<\/p>\n\n\n\n<p class=\"wp-block-paragraph\">5. Bruno Gutierrez \u2013 122<\/p>\n\n\n\n<p class=\"wp-block-paragraph\"><strong>PODIO \u2013 50cc Escuela<\/strong><\/p>\n\n\n\n<p class=\"wp-block-paragraph\">1. Juan Cruz Lagunas \u2013 Concordia<\/p>\n\n\n\n<p class=\"wp-block-paragraph\">2. Bernardo S\u00e1nchez \u2013 Lincoln<\/p>\n\n\n\n<p class=\"wp-block-paragraph\">3. Benjam\u00edn Fern\u00e1ndez T\u00e9vez \u2013 Saenz Pe\u00f1a<\/p>\n\n\n\n<p class=\"wp-block-paragraph\">4. Michel Ferrero \u2013 Brickmann<\/p>\n\n\n\n<p class=\"wp-block-paragraph\">5. Leandro Bruno \u2013 Luj\u00e1n<\/p>\n\n\n\n<p class=\"wp-block-paragraph\"><strong>POSICIONES<\/strong><\/p>\n\n\n\n<p class=\"wp-block-paragraph\">1. Mateo Cuneo \u2013 186<\/p>\n\n\n\n<p class=\"wp-block-paragraph\">2. Leandro Bruno \u2013 180<\/p>\n\n\n\n<p class=\"wp-block-paragraph\">3. Valentino Chiabotto \u2013 162<\/p>\n\n\n\n<p class=\"wp-block-paragraph\">4. Benja Fern\u00e1ndez \u2013 162<\/p>\n\n\n\n<p class=\"wp-block-paragraph\">5. Michel Ferrero \u2013 137<\/p>\n\n\n\n<p class=\"wp-block-paragraph\"><strong>PODIO \u2013 125cc Graduados<\/strong><\/p>\n\n\n\n<p class=\"wp-block-paragraph\">1. Juan Jos\u00e9 Coduri \u2013 G\u00e1lvez<\/p>\n\n\n\n<p class=\"wp-block-paragraph\">2. Maximiliano Varas \u2013 Villa Mar\u00eda<\/p>\n\n\n\n<p class=\"wp-block-paragraph\">3. Ezequiel Pairetti \u2013 G\u00e1lvez<\/p>\n\n\n\n<p class=\"wp-block-paragraph\">4. Ger\u00f3nimo Castelli \u2013 Junin<\/p>\n\n\n\n<p class=\"wp-block-paragraph\">5. Emanuel Zamora \u2013 Rafaela<\/p>\n\n\n\n<p class=\"wp-block-paragraph\"><strong>POSICIONES<\/strong><\/p>\n\n\n\n<p class=\"wp-block-paragraph\">1. Maximiliano Varas \u2013 217<\/p>\n\n\n\n<p class=\"wp-block-paragraph\">2. Juan Jos\u00e9 Coduri \u2013 209<\/p>\n\n\n\n<p class=\"wp-block-paragraph\">3. Marcos Barrios \u2013 129<\/p>\n\n\n\n<p class=\"wp-block-paragraph\">4. Mat\u00edas Lorenzato \u2013 124<\/p>\n\n\n\n<p class=\"wp-block-paragraph\">5. Ezequiel Pairetti \u2013 109<\/p>\n\n\n\n<p class=\"wp-block-paragraph\"><strong>PODIO -125cc Internacional<\/strong><\/p>\n\n\n\n<p class=\"wp-block-paragraph\">1. Segundo Peluccio \u2013 Rufino<\/p>\n\n\n\n<p class=\"wp-block-paragraph\">2. Francisco Alocco \u2013 Justiniano Posse<\/p>\n\n\n\n<p class=\"wp-block-paragraph\">3. Santino Inbernos \u2013 Rufino<\/p>\n\n\n\n<p class=\"wp-block-paragraph\">4. Juli\u00e1n Rosatti \u2013 Justiniano Posse<\/p>\n\n\n\n<p class=\"wp-block-paragraph\">5. Nelqui Rufino \u2013 Frontera<\/p>\n\n\n\n<p class=\"wp-block-paragraph\"><strong>POSICIONES<\/strong><\/p>\n\n\n\n<p class=\"wp-block-paragraph\">1. Segundo Peluccio \u2013 244<\/p>\n\n\n\n<p class=\"wp-block-paragraph\">2. Santino Inbernos \u2013 207<\/p>\n\n\n\n<p class=\"wp-block-paragraph\">3. Juli\u00e1n Rosatti \u2013 187<\/p>\n\n\n\n<p class=\"wp-block-paragraph\">4. Francisco Alocco \u2013 168<\/p>\n\n\n\n<p class=\"wp-block-paragraph\">5. Santino Santarossa \u2013 129<\/p>\n\n\n\n<p class=\"wp-block-paragraph\"><strong>PODIO \u2013 450cc Internacional<\/strong><\/p>\n\n\n\n<p class=\"wp-block-paragraph\">1. Juan Mart\u00edn Viganoni \u2013 San Justo ER<\/p>\n\n\n\n<p class=\"wp-block-paragraph\">2. Mat\u00edas Lorenzato \u2013 Mina Clavero<\/p>\n\n\n\n<p class=\"wp-block-paragraph\">3. Mat\u00edas Frey \u2013 G\u00e1lvez<\/p>\n\n\n\n<p class=\"wp-block-paragraph\">4. Sebasti\u00e1n Verdoia \u2013 Las Varillas<\/p>\n\n\n\n<p class=\"wp-block-paragraph\">5. Erik Barrios \u2013 Resistencia<\/p>\n\n\n\n<p class=\"wp-block-paragraph\"><strong>POSICIONES<\/strong><\/p>\n\n\n\n<p class=\"wp-block-paragraph\">1. Juan Mart\u00edn Viganoni \u2013 229<\/p>\n\n\n\n<p class=\"wp-block-paragraph\">2. Mat\u00edas Frey \u2013 197<\/p>\n\n\n\n<p class=\"wp-block-paragraph\">3. Sebasti\u00e1n Verdoia \u2013 162<\/p>\n\n\n\n<p class=\"wp-block-paragraph\">4. Mat\u00edas Lorenzato \u2013 143<\/p>\n\n\n\n<p class=\"wp-block-paragraph\">5. Agust\u00edn Delgado \u2013 127<\/p>\n\n\n\n<p class=\"wp-block-paragraph\"><strong>PR\u00d3XIMA FECHA \u2013 ULTIMA \u2013 CORONACI\u00d3N \u2013 PUNTAJE y MEDIO<\/strong><\/p>\n\n\n\n<p class=\"wp-block-paragraph\"><strong>Ca\u00f1ada Rosqu\u00edn, Departamento San Martin, Santa Fe<\/strong><\/p>\n\n\n\n<p class=\"wp-block-paragraph\"><strong>S\u00e1bado 12 y Domingo 13 de Septiembre de 2026<\/strong><\/p>\n","protected":false},"excerpt":{"rendered":"<p>La pen\u00faltima del Certamen Argentino de Motociclismo en el Circuito Juan Betique de San Carlos Sud, Santa Fe; pod\u00eda ser  [+]<\/p>\n","protected":false},"author":10,"featured_media":109843,"comment_status":"closed","ping_status":"closed","sticky":false,"template":"","format":"standard","meta":{"_acf_changed":false,"_exactmetrics_skip_tracking":false,"_exactmetrics_sitenote_active":false,"_exactmetrics_sitenote_note":"","_exactmetrics_sitenote_category":0,"footnotes":""},"categories":[29,3894],"tags":[],"class_list":["post-109842","post","type-post","status-publish","format-standard","has-post-thumbnail","hentry","category-actualidad","category-cam"],"acf":[],"_links":{"self":[{"href":"https:\/\/fueluniverse.tv\/blog\/wp-json\/wp\/v2\/posts\/109842","targetHints":{"allow":["GET"]}}],"collection":[{"href":"https:\/\/fueluniverse.tv\/blog\/wp-json\/wp\/v2\/posts"}],"about":[{"href":"https:\/\/fueluniverse.tv\/blog\/wp-json\/wp\/v2\/types\/post"}],"author":[{"embeddable":true,"href":"https:\/\/fueluniverse.tv\/blog\/wp-json\/wp\/v2\/users\/10"}],"replies":[{"embeddable":true,"href":"https:\/\/fueluniverse.tv\/blog\/wp-json\/wp\/v2\/comments?post=109842"}],"version-history":[{"count":1,"href":"https:\/\/fueluniverse.tv\/blog\/wp-json\/wp\/v2\/posts\/109842\/revisions"}],"predecessor-version":[{"id":109850,"href":"https:\/\/fueluniverse.tv\/blog\/wp-json\/wp\/v2\/posts\/109842\/revisions\/109850"}],"wp:featuredmedia":[{"embeddable":true,"href":"https:\/\/fueluniverse.tv\/blog\/wp-json\/wp\/v2\/media\/109843"}],"wp:attachment":[{"href":"https:\/\/fueluniverse.tv\/blog\/wp-json\/wp\/v2\/media?parent=109842"}],"wp:term":[{"taxonomy":"category","embeddable":true,"href":"https:\/\/fueluniverse.tv\/blog\/wp-json\/wp\/v2\/categories?post=109842"},{"taxonomy":"post_tag","embeddable":true,"href":"https:\/\/fueluniverse.tv\/blog\/wp-json\/wp\/v2\/tags?post=109842"}],"curies":[{"name":"wp","href":"https:\/\/api.w.org\/{rel}","templated":true}]}}