{"id":109857,"date":"2026-09-01T10:25:13","date_gmt":"2026-09-01T13:25:13","guid":{"rendered":"https:\/\/fueluniverse.tv\/blog\/?p=109857"},"modified":"2026-09-01T10:25:15","modified_gmt":"2026-09-01T13:25:15","slug":"se-correra-el-primer-latinoamericano-de-flat-track-junto-al-mundial","status":"publish","type":"post","link":"https:\/\/fueluniverse.tv\/blog\/actualidad\/se-correra-el-primer-latinoamericano-de-flat-track-junto-al-mundial\/","title":{"rendered":"Se correr\u00e1 el primer Latinoamericano de Flat Track junto al Mundial"},"content":{"rendered":"\n<figure class=\"wp-block-image size-large is-resized\"><img decoding=\"async\" width=\"770\" height=\"963\" src=\"https:\/\/fueluniverse.tv\/blog\/wp-content\/uploads\/2026\/09\/LatinoFT-770x963.jpg\" alt=\"\" class=\"wp-image-109858\" style=\"aspect-ratio:0.7995943533993185;width:840px;height:auto\" srcset=\"https:\/\/fueluniverse.tv\/blog\/wp-content\/uploads\/2026\/09\/LatinoFT-770x963.jpg 770w, https:\/\/fueluniverse.tv\/blog\/wp-content\/uploads\/2026\/09\/LatinoFT-480x600.jpg 480w, https:\/\/fueluniverse.tv\/blog\/wp-content\/uploads\/2026\/09\/LatinoFT-768x960.jpg 768w, https:\/\/fueluniverse.tv\/blog\/wp-content\/uploads\/2026\/09\/LatinoFT-1228x1536.jpg 1228w, https:\/\/fueluniverse.tv\/blog\/wp-content\/uploads\/2026\/09\/LatinoFT.jpg 1350w\" sizes=\"(max-width: 770px) 100vw, 770px\" \/><\/figure>\n\n\n\n<p class=\"wp-block-paragraph\">Se oficializ\u00f3 para el 24 y 25 de octubre durante la doble fecha del Mundial de Flat Track, el primer Campeonato FIM Latinoamericano de la especialidad. Los pilotos Wild Card latinoamericanos que correr\u00e1n durante el FIM Flat Track World Championship lo har\u00e1n tambi\u00e9n por el t\u00edtulo Latino de la Categor\u00eda de Ovalos de Tierra.<\/p>\n\n\n\n<p class=\"wp-block-paragraph\">Como viene sucediendo con el Latinoamericano de Motocross que corre junto con el Mundial de MXGP, suceder\u00e1 lo mismo con el Flat Track. Los pilotos Latinos tendr\u00e1n un podio a parte para cada una de las dos fechas que se desarrollar\u00e1n en el Circuito Parque del Uni\u00f3n FC de Totoras, Santa Fe.<\/p>\n\n\n\n<figure class=\"wp-block-image size-large is-resized\"><img decoding=\"async\" width=\"770\" height=\"456\" src=\"https:\/\/fueluniverse.tv\/blog\/wp-content\/uploads\/2026\/09\/Latino-de-FT-770x456.jpg\" alt=\"\" class=\"wp-image-109859\" style=\"aspect-ratio:1.6886779521622919;width:840px;height:auto\" srcset=\"https:\/\/fueluniverse.tv\/blog\/wp-content\/uploads\/2026\/09\/Latino-de-FT-770x456.jpg 770w, https:\/\/fueluniverse.tv\/blog\/wp-content\/uploads\/2026\/09\/Latino-de-FT-480x285.jpg 480w, https:\/\/fueluniverse.tv\/blog\/wp-content\/uploads\/2026\/09\/Latino-de-FT-768x455.jpg 768w, https:\/\/fueluniverse.tv\/blog\/wp-content\/uploads\/2026\/09\/Latino-de-FT-1536x911.jpg 1536w, https:\/\/fueluniverse.tv\/blog\/wp-content\/uploads\/2026\/09\/Latino-de-FT.jpg 1928w\" sizes=\"(max-width: 770px) 100vw, 770px\" \/><\/figure>\n\n\n\n<h2 class=\"wp-block-heading\">COMUNICADO OFICIAL:<\/h2>\n\n\n\n<h2 class=\"wp-block-heading\">EL CAMPEONATO LATINOAMERICANO SER\u00c1 PARTE DEL FLAT TRACK ARGENTINA<\/h2>\n\n\n\n<p class=\"wp-block-paragraph\">El Mundial de Flat Track llega por primera vez a Latinoam\u00e9rica, y lo hace a lo grande: el Campeonato Latinoamericano de la especialidad tambi\u00e9n se disputar\u00e1 en Totoras, Santa Fe.<\/p>\n\n\n\n<p class=\"wp-block-paragraph\">Los pilotos que se inscriban para puntuar en el Mundial, autom\u00e1ticamente \u2014sin tr\u00e1mite adicional\u2014 compiten tambi\u00e9n por el t\u00edtulo latinoamericano. Mismas carreras, podio exclusivo.<\/p>\n\n\n\n<p class=\"wp-block-paragraph\"><\/p>\n\n\n\n<figure class=\"wp-block-image size-large is-resized\"><img decoding=\"async\" width=\"770\" height=\"510\" src=\"https:\/\/fueluniverse.tv\/blog\/wp-content\/uploads\/2026\/09\/Matias-Lorenzato-770x510.jpg\" alt=\"\" class=\"wp-image-109860\" style=\"aspect-ratio:1.509865800600527;width:840px;height:auto\" srcset=\"https:\/\/fueluniverse.tv\/blog\/wp-content\/uploads\/2026\/09\/Matias-Lorenzato-770x510.jpg 770w, https:\/\/fueluniverse.tv\/blog\/wp-content\/uploads\/2026\/09\/Matias-Lorenzato-480x318.jpg 480w, https:\/\/fueluniverse.tv\/blog\/wp-content\/uploads\/2026\/09\/Matias-Lorenzato-768x508.jpg 768w, https:\/\/fueluniverse.tv\/blog\/wp-content\/uploads\/2026\/09\/Matias-Lorenzato-1536x1017.jpg 1536w, https:\/\/fueluniverse.tv\/blog\/wp-content\/uploads\/2026\/09\/Matias-Lorenzato.jpg 1713w\" sizes=\"(max-width: 770px) 100vw, 770px\" \/><\/figure>\n","protected":false},"excerpt":{"rendered":"<p>Se oficializ\u00f3 para el 24 y 25 de octubre durante la doble fecha del Mundial de Flat Track, el primer  [+]<\/p>\n","protected":false},"author":10,"featured_media":109858,"comment_status":"closed","ping_status":"closed","sticky":false,"template":"","format":"standard","meta":{"_acf_changed":false,"_exactmetrics_skip_tracking":false,"_exactmetrics_sitenote_active":false,"_exactmetrics_sitenote_note":"","_exactmetrics_sitenote_category":0,"footnotes":""},"categories":[29,3821],"tags":[],"class_list":["post-109857","post","type-post","status-publish","format-standard","has-post-thumbnail","hentry","category-actualidad","category-flat-track"],"acf":[],"_links":{"self":[{"href":"https:\/\/fueluniverse.tv\/blog\/wp-json\/wp\/v2\/posts\/109857","targetHints":{"allow":["GET"]}}],"collection":[{"href":"https:\/\/fueluniverse.tv\/blog\/wp-json\/wp\/v2\/posts"}],"about":[{"href":"https:\/\/fueluniverse.tv\/blog\/wp-json\/wp\/v2\/types\/post"}],"author":[{"embeddable":true,"href":"https:\/\/fueluniverse.tv\/blog\/wp-json\/wp\/v2\/users\/10"}],"replies":[{"embeddable":true,"href":"https:\/\/fueluniverse.tv\/blog\/wp-json\/wp\/v2\/comments?post=109857"}],"version-history":[{"count":1,"href":"https:\/\/fueluniverse.tv\/blog\/wp-json\/wp\/v2\/posts\/109857\/revisions"}],"predecessor-version":[{"id":109861,"href":"https:\/\/fueluniverse.tv\/blog\/wp-json\/wp\/v2\/posts\/109857\/revisions\/109861"}],"wp:featuredmedia":[{"embeddable":true,"href":"https:\/\/fueluniverse.tv\/blog\/wp-json\/wp\/v2\/media\/109858"}],"wp:attachment":[{"href":"https:\/\/fueluniverse.tv\/blog\/wp-json\/wp\/v2\/media?parent=109857"}],"wp:term":[{"taxonomy":"category","embeddable":true,"href":"https:\/\/fueluniverse.tv\/blog\/wp-json\/wp\/v2\/categories?post=109857"},{"taxonomy":"post_tag","embeddable":true,"href":"https:\/\/fueluniverse.tv\/blog\/wp-json\/wp\/v2\/tags?post=109857"}],"curies":[{"name":"wp","href":"https:\/\/api.w.org\/{rel}","templated":true}]}}