{"id":52291,"date":"2017-08-09T23:25:17","date_gmt":"2017-08-10T02:25:17","guid":{"rendered":"https:\/\/fueluniverse.tv\/blog\/?p=52291"},"modified":"2017-08-09T23:25:17","modified_gmt":"2017-08-10T02:25:17","slug":"confirmado-el-equipo-frances-para-el-motocross-de-las-naciones","status":"publish","type":"post","link":"https:\/\/fueluniverse.tv\/blog\/motocross\/confirmado-el-equipo-frances-para-el-motocross-de-las-naciones\/","title":{"rendered":"Confirmado el equipo franc\u00e9s para el Motocross de las Naciones"},"content":{"rendered":"<p>La <strong>Federaci\u00f3n Francesa de Motociclismo<\/strong> seleccion\u00f3 a su equipo para el <strong>Motocross de las Naciones 2017<\/strong>. En un anuncio hecho hoy, Francia nombr\u00f3 a <strong>Gautier Paulin, Romain Febvre y Dylan Ferrandis<\/strong> como miembros del equipo. <strong>Benoit Paturel<\/strong> ser\u00e1 el piloto sustituto.<\/p>\n<p><img decoding=\"async\" class=\"alignnone size-medium wp-image-52292\" src=\"https:\/\/fueluniverse.tv\/blog\/wp-content\/uploads\/2017\/08\/149511_podium_mxon_2016_49x7993-770x513.jpg\" alt=\"\" width=\"770\" height=\"513\" srcset=\"https:\/\/fueluniverse.tv\/blog\/wp-content\/uploads\/2017\/08\/149511_podium_mxon_2016_49x7993-770x513.jpg 770w, https:\/\/fueluniverse.tv\/blog\/wp-content\/uploads\/2017\/08\/149511_podium_mxon_2016_49x7993-480x320.jpg 480w, https:\/\/fueluniverse.tv\/blog\/wp-content\/uploads\/2017\/08\/149511_podium_mxon_2016_49x7993-768x512.jpg 768w, https:\/\/fueluniverse.tv\/blog\/wp-content\/uploads\/2017\/08\/149511_podium_mxon_2016_49x7993.jpg 990w\" sizes=\"(max-width: 770px) 100vw, 770px\" \/><\/p>\n<p><strong>Marvin Musquin<\/strong>, quien fue por \u00faltima vez miembro del equipo de Francia en 2015, anunci\u00f3 durante el fin de semana que opt\u00f3 por no participar del evento de este a\u00f1o para cuidar de su rodilla. Musquin sufri\u00f3 un menisco roto a principios de esta temporada de AMA MX.<\/p>\n<p>A pesar de la ausencia de Musquin, los tres campeones defensores del <strong>Trofeo Chamberlain<\/strong> son uno de los equipos favoritos anotados al evento que tendr\u00e1 lugar <strong>en Matterley Basin el 1 de octubre<\/strong>. Paulin, quien ha representado al equipo cada a\u00f1o desde 2009, ser\u00e1 el capit\u00e1n del equipo en MXGP. Febvre, campe\u00f3n del mundo 2015 y miembro de los dos \u00faltimos equipos franceses ganadores, competir\u00e1 en la categor\u00eda Open. Ferrandis regresa al equipo por primera vez desde 2014, cuando form\u00f3 parte del equipo franc\u00e9s ganador.<\/p>\n<p>Paturel represent\u00f3 al equipo en MX2 el a\u00f1o pasado.<\/p>\n","protected":false},"excerpt":{"rendered":"<p>La Federaci\u00f3n Francesa de Motociclismo seleccion\u00f3 a su equipo para el Motocross de las Naciones 2017. En un anuncio hecho  [+]<\/p>\n","protected":false},"author":12,"featured_media":52292,"comment_status":"closed","ping_status":"closed","sticky":false,"template":"","format":"standard","meta":{"_acf_changed":false,"_exactmetrics_skip_tracking":false,"_exactmetrics_sitenote_active":false,"_exactmetrics_sitenote_note":"","_exactmetrics_sitenote_category":0,"footnotes":""},"categories":[59],"tags":[1071],"class_list":["post-52291","post","type-post","status-publish","format-standard","has-post-thumbnail","hentry","category-motocross","tag-motocross-de-las-naciones"],"acf":[],"_links":{"self":[{"href":"https:\/\/fueluniverse.tv\/blog\/wp-json\/wp\/v2\/posts\/52291","targetHints":{"allow":["GET"]}}],"collection":[{"href":"https:\/\/fueluniverse.tv\/blog\/wp-json\/wp\/v2\/posts"}],"about":[{"href":"https:\/\/fueluniverse.tv\/blog\/wp-json\/wp\/v2\/types\/post"}],"author":[{"embeddable":true,"href":"https:\/\/fueluniverse.tv\/blog\/wp-json\/wp\/v2\/users\/12"}],"replies":[{"embeddable":true,"href":"https:\/\/fueluniverse.tv\/blog\/wp-json\/wp\/v2\/comments?post=52291"}],"version-history":[{"count":0,"href":"https:\/\/fueluniverse.tv\/blog\/wp-json\/wp\/v2\/posts\/52291\/revisions"}],"wp:featuredmedia":[{"embeddable":true,"href":"https:\/\/fueluniverse.tv\/blog\/wp-json\/wp\/v2\/media\/52292"}],"wp:attachment":[{"href":"https:\/\/fueluniverse.tv\/blog\/wp-json\/wp\/v2\/media?parent=52291"}],"wp:term":[{"taxonomy":"category","embeddable":true,"href":"https:\/\/fueluniverse.tv\/blog\/wp-json\/wp\/v2\/categories?post=52291"},{"taxonomy":"post_tag","embeddable":true,"href":"https:\/\/fueluniverse.tv\/blog\/wp-json\/wp\/v2\/tags?post=52291"}],"curies":[{"name":"wp","href":"https:\/\/api.w.org\/{rel}","templated":true}]}}