{"id":64072,"date":"2019-02-14T12:26:14","date_gmt":"2019-02-14T15:26:14","guid":{"rendered":"https:\/\/fueluniverse.tv\/blog\/?p=64072"},"modified":"2019-02-14T12:26:14","modified_gmt":"2019-02-14T15:26:14","slug":"milko-potisek-en-el-enduro-del-verano","status":"publish","type":"post","link":"https:\/\/fueluniverse.tv\/blog\/enduro\/milko-potisek-en-el-enduro-del-verano\/","title":{"rendered":"Milko Potisek en el Enduro del Verano"},"content":{"rendered":"<p>El franc\u00e9s <strong>Milko Potisek participar\u00e1 del Enduro del Verano<\/strong>, a disputarse el fin de semana del 22 de febrero en Villa Gesell. Potisek correr\u00e1 con una Yamaha del equipo Pergamino Motos y buscar\u00e1 repetir su victoria del 2011 en este circuito.<\/p>\n<p><img decoding=\"async\" class=\"alignnone wp-image-64074 size-medium\" src=\"https:\/\/fueluniverse.tv\/blog\/wp-content\/uploads\/2019\/02\/milko-potisek-edv-2-1-770x498.jpg\" alt=\"\" width=\"770\" height=\"498\" srcset=\"https:\/\/fueluniverse.tv\/blog\/wp-content\/uploads\/2019\/02\/milko-potisek-edv-2-1-770x498.jpg 770w, https:\/\/fueluniverse.tv\/blog\/wp-content\/uploads\/2019\/02\/milko-potisek-edv-2-1-480x310.jpg 480w, https:\/\/fueluniverse.tv\/blog\/wp-content\/uploads\/2019\/02\/milko-potisek-edv-2-1-768x497.jpg 768w\" sizes=\"(max-width: 770px) 100vw, 770px\" \/><\/p>\n<p>El concesionario <strong>Yamaha Pergamino Motos<\/strong> anunci\u00f3 hoy su participaci\u00f3n en el Enduro del Verano con un piloto de categor\u00eda mundial: <strong>Milko Potisek<\/strong>. El franc\u00e9s fue campe\u00f3n del Enduropale de Le Touquet 2018 y gan\u00f3 el Enduro del Verano 2011. En esta 26\u00b0 edici\u00f3n del EDV, estar\u00e1 al mando de una Yamaha YZ450F y participar\u00e1 de la categor\u00eda Supercross del viernes 22 y Enduro del domingo 24 de febrero.<\/p>\n<p>En la \u00faltima edici\u00f3n del Enduropale de Le Touquet, <strong>Potisek lideraba mientras luchaba codo a codo con Nathan Watson<\/strong>, hasta que un problema mec\u00e1nico lo retras\u00f3, quedando finalmente noveno.<\/p>\n<p><img decoding=\"async\" class=\"alignnone size-medium wp-image-64075\" src=\"https:\/\/fueluniverse.tv\/blog\/wp-content\/uploads\/2019\/02\/milko-potisek-770x665.jpg\" alt=\"\" width=\"770\" height=\"665\" srcset=\"https:\/\/fueluniverse.tv\/blog\/wp-content\/uploads\/2019\/02\/milko-potisek-770x665.jpg 770w, https:\/\/fueluniverse.tv\/blog\/wp-content\/uploads\/2019\/02\/milko-potisek-480x415.jpg 480w, https:\/\/fueluniverse.tv\/blog\/wp-content\/uploads\/2019\/02\/milko-potisek-768x663.jpg 768w, https:\/\/fueluniverse.tv\/blog\/wp-content\/uploads\/2019\/02\/milko-potisek.jpg 960w\" sizes=\"(max-width: 770px) 100vw, 770px\" \/><\/p>\n<p>El equipo de Pergamino Motos y auspiciado por el complejo comercial olavarriense \u00c1rea 226, se completa con la presencia de menta en boxes con la presencia de otros grandes pilotos internacionales como <strong>Camille Chapeli\u00e8re y el dakariano Sam Sunderland<\/strong>.<\/p>\n<p>El Enduro del Verano tendr\u00e1 lugar los pr\u00f3ximos <strong>22, 23 y 24 de febrero<\/strong> en el circuito ubicado en el km 408 de la Ruta 11 partido de Villa Gesell. M\u00e1s de 1.300 motos y quads estar\u00e1n participando en esta 26\u00b0 edici\u00f3n que espera recibir a 130.000 espectadores durante todo el fin de semana.<\/p>\n","protected":false},"excerpt":{"rendered":"<p>El franc\u00e9s Milko Potisek participar\u00e1 del Enduro del Verano, a disputarse el fin de semana del 22 de febrero en  [+]<\/p>\n","protected":false},"author":12,"featured_media":64073,"comment_status":"closed","ping_status":"closed","sticky":false,"template":"","format":"standard","meta":{"_acf_changed":false,"_exactmetrics_skip_tracking":false,"_exactmetrics_sitenote_active":false,"_exactmetrics_sitenote_note":"","_exactmetrics_sitenote_category":0,"footnotes":""},"categories":[129],"tags":[3783,419,2847,3782,27],"class_list":["post-64072","post","type-post","status-publish","format-standard","has-post-thumbnail","hentry","category-enduro","tag-area-226","tag-enduro-del-verano","tag-milko-potisek","tag-pergamino-motos","tag-yamaha"],"acf":[],"_links":{"self":[{"href":"https:\/\/fueluniverse.tv\/blog\/wp-json\/wp\/v2\/posts\/64072","targetHints":{"allow":["GET"]}}],"collection":[{"href":"https:\/\/fueluniverse.tv\/blog\/wp-json\/wp\/v2\/posts"}],"about":[{"href":"https:\/\/fueluniverse.tv\/blog\/wp-json\/wp\/v2\/types\/post"}],"author":[{"embeddable":true,"href":"https:\/\/fueluniverse.tv\/blog\/wp-json\/wp\/v2\/users\/12"}],"replies":[{"embeddable":true,"href":"https:\/\/fueluniverse.tv\/blog\/wp-json\/wp\/v2\/comments?post=64072"}],"version-history":[{"count":0,"href":"https:\/\/fueluniverse.tv\/blog\/wp-json\/wp\/v2\/posts\/64072\/revisions"}],"wp:featuredmedia":[{"embeddable":true,"href":"https:\/\/fueluniverse.tv\/blog\/wp-json\/wp\/v2\/media\/64073"}],"wp:attachment":[{"href":"https:\/\/fueluniverse.tv\/blog\/wp-json\/wp\/v2\/media?parent=64072"}],"wp:term":[{"taxonomy":"category","embeddable":true,"href":"https:\/\/fueluniverse.tv\/blog\/wp-json\/wp\/v2\/categories?post=64072"},{"taxonomy":"post_tag","embeddable":true,"href":"https:\/\/fueluniverse.tv\/blog\/wp-json\/wp\/v2\/tags?post=64072"}],"curies":[{"name":"wp","href":"https:\/\/api.w.org\/{rel}","templated":true}]}}