{"id":99908,"date":"2024-09-25T14:30:47","date_gmt":"2024-09-25T17:30:47","guid":{"rendered":"https:\/\/fueluniverse.tv\/blog\/?p=99908"},"modified":"2024-09-25T14:30:48","modified_gmt":"2024-09-25T17:30:48","slug":"valentin-perrone-su-historia-de-ascenso-hasta-el-mundial","status":"publish","type":"post","link":"https:\/\/fueluniverse.tv\/blog\/motogp\/valentin-perrone-su-historia-de-ascenso-hasta-el-mundial\/","title":{"rendered":"Valent\u00edn Perrone, su historia de ascenso hasta el mundial"},"content":{"rendered":"\n<figure class=\"wp-block-image size-large is-resized\"><img decoding=\"async\" width=\"770\" height=\"513\" src=\"https:\/\/fueluniverse.tv\/blog\/wp-content\/uploads\/2024\/09\/Perrone-Rookie-770x513.jpg\" alt=\"\" class=\"wp-image-99909\" style=\"width:840px;height:auto\" srcset=\"https:\/\/fueluniverse.tv\/blog\/wp-content\/uploads\/2024\/09\/Perrone-Rookie-770x513.jpg 770w, https:\/\/fueluniverse.tv\/blog\/wp-content\/uploads\/2024\/09\/Perrone-Rookie-480x320.jpg 480w, https:\/\/fueluniverse.tv\/blog\/wp-content\/uploads\/2024\/09\/Perrone-Rookie-768x512.jpg 768w, https:\/\/fueluniverse.tv\/blog\/wp-content\/uploads\/2024\/09\/Perrone-Rookie.jpg 1500w\" sizes=\"(max-width: 770px) 100vw, 770px\" \/><\/figure>\n\n\n\n<p>Valent\u00edn Perrone correr\u00e1 el Mundial de Moto3\u2026 pero antes de su llegada pasaron cosas. Nacido en Espa\u00f1a y con DNI Argentino desde sus 6 a\u00f1os, hijo de Marcelo (Chelo Perrone), bonaerense e hincha de River, inculc\u00f3 en su hijo esa argentinidad al palo.<\/p>\n\n\n\n<figure class=\"wp-block-image size-large\"><img decoding=\"async\" width=\"770\" height=\"770\" src=\"https:\/\/fueluniverse.tv\/blog\/wp-content\/uploads\/2024\/09\/Perrone-y-su-papa-770x770.jpg\" alt=\"\" class=\"wp-image-99910\" srcset=\"https:\/\/fueluniverse.tv\/blog\/wp-content\/uploads\/2024\/09\/Perrone-y-su-papa-770x770.jpg 770w, https:\/\/fueluniverse.tv\/blog\/wp-content\/uploads\/2024\/09\/Perrone-y-su-papa-480x480.jpg 480w, https:\/\/fueluniverse.tv\/blog\/wp-content\/uploads\/2024\/09\/Perrone-y-su-papa-768x768.jpg 768w, https:\/\/fueluniverse.tv\/blog\/wp-content\/uploads\/2024\/09\/Perrone-y-su-papa.jpg 1080w\" sizes=\"(max-width: 770px) 100vw, 770px\" \/><\/figure>\n\n\n\n<p>Chelo se radic\u00f3 en Barcelona y form\u00f3 familia con Ruth Cant\u00f3n (espa\u00f1ola), tuvieron dos hijos: una ni\u00f1a y un var\u00f3n. El var\u00f3n le sali\u00f3 piloto en un pa\u00eds como Espa\u00f1a donde el motociclismo tiene la misma importancia que el f\u00fatbol, el b\u00e1squet, el tenis o el ciclismo. Un pa\u00eds donde la formaci\u00f3n es deportiva y escalonada.<\/p>\n\n\n\n<figure class=\"wp-block-image size-large\"><img decoding=\"async\" width=\"770\" height=\"578\" src=\"https:\/\/fueluniverse.tv\/blog\/wp-content\/uploads\/2024\/09\/Vale-en-MiniGP-770x578.jpg\" alt=\"\" class=\"wp-image-99911\" srcset=\"https:\/\/fueluniverse.tv\/blog\/wp-content\/uploads\/2024\/09\/Vale-en-MiniGP-770x578.jpg 770w, https:\/\/fueluniverse.tv\/blog\/wp-content\/uploads\/2024\/09\/Vale-en-MiniGP-480x360.jpg 480w, https:\/\/fueluniverse.tv\/blog\/wp-content\/uploads\/2024\/09\/Vale-en-MiniGP-768x576.jpg 768w, https:\/\/fueluniverse.tv\/blog\/wp-content\/uploads\/2024\/09\/Vale-en-MiniGP-1536x1152.jpg 1536w, https:\/\/fueluniverse.tv\/blog\/wp-content\/uploads\/2024\/09\/Vale-en-MiniGP.jpg 2048w\" sizes=\"(max-width: 770px) 100vw, 770px\" \/><\/figure>\n\n\n\n<p>Perrone naci\u00f3 un 28 de diciembre de 2007 y con apenas 3 a\u00f1os comenz\u00f3 a correr en Minimotos y MiniGP en el Promovelocidad de Espa\u00f1a. Hizo Supermotard y en el asfalto fue campe\u00f3n de la Copa Rieju 125cc, corri\u00f3 en el Espa\u00f1ol de Superbike (ESBK) en Moto4 y en Supersport 300 fue Subcampe\u00f3n 2022 del ESBK de Promo 3.<\/p>\n\n\n\n<figure class=\"wp-block-image size-large\"><img decoding=\"async\" width=\"770\" height=\"513\" src=\"https:\/\/fueluniverse.tv\/blog\/wp-content\/uploads\/2024\/09\/PerroneWin-1-770x513.jpg\" alt=\"\" class=\"wp-image-99912\" srcset=\"https:\/\/fueluniverse.tv\/blog\/wp-content\/uploads\/2024\/09\/PerroneWin-1-770x513.jpg 770w, https:\/\/fueluniverse.tv\/blog\/wp-content\/uploads\/2024\/09\/PerroneWin-1-480x320.jpg 480w, https:\/\/fueluniverse.tv\/blog\/wp-content\/uploads\/2024\/09\/PerroneWin-1-768x512.jpg 768w, https:\/\/fueluniverse.tv\/blog\/wp-content\/uploads\/2024\/09\/PerroneWin-1.jpg 1440w\" sizes=\"(max-width: 770px) 100vw, 770px\" \/><\/figure>\n\n\n\n<p>Luego pas\u00f3, donde actualmente corre, a la European Talent Cup y en \u00e9ste 2024 fue 3\u00ba en su primer a\u00f1o de la Red Bull Rookies Cup y pelea el campeonato de la ETC de la actual temporada. Dos victorias en la Rookie y seis podios y un protagonismo excluyente en la lucha por el t\u00edtulo hasta la \u00faltima fecha le valieron las miradas del Tech3 Racing para elegirlo como piloto para el Mundial desde 2025.<\/p>\n\n\n\n<figure class=\"wp-block-image size-large\"><img decoding=\"async\" width=\"770\" height=\"770\" src=\"https:\/\/fueluniverse.tv\/blog\/wp-content\/uploads\/2024\/09\/Vale-28-770x770.jpg\" alt=\"\" class=\"wp-image-99913\" srcset=\"https:\/\/fueluniverse.tv\/blog\/wp-content\/uploads\/2024\/09\/Vale-28-770x770.jpg 770w, https:\/\/fueluniverse.tv\/blog\/wp-content\/uploads\/2024\/09\/Vale-28-480x480.jpg 480w, https:\/\/fueluniverse.tv\/blog\/wp-content\/uploads\/2024\/09\/Vale-28-768x768.jpg 768w, https:\/\/fueluniverse.tv\/blog\/wp-content\/uploads\/2024\/09\/Vale-28.jpg 1080w\" sizes=\"(max-width: 770px) 100vw, 770px\" \/><\/figure>\n\n\n\n<p>\u201cCon licencia Argentina para correr y representando a Argentina en todas las categor\u00edas que corri\u00f3, nos representar\u00e1 en el Mundial. M\u00e1s Argentino que el dulce de leche, vamos Valent\u00edn viejo y peludo (frase muy argenta)\u201d, as\u00ed Chelo, su pap\u00e1 dej\u00f3 siempre en claro que su bandera deb\u00eda llevarse bien en la sangre a\u00fan en su formaci\u00f3n y crecimiento europeo. Est\u00e1 claro que desde lo deportivo siempre mostr\u00f3 esas condiciones sangu\u00edneas\u2026 y no quedan dudas que ya no debe demostrar m\u00e1s nada, por algo tiene un merecido logro personal para ser un argentino en el Mundial.<\/p>\n","protected":false},"excerpt":{"rendered":"<p>Valent\u00edn Perrone correr\u00e1 el Mundial de Moto3\u2026 pero antes de su llegada pasaron cosas. Nacido en Espa\u00f1a y con DNI  [+]<\/p>\n","protected":false},"author":10,"featured_media":99909,"comment_status":"closed","ping_status":"closed","sticky":false,"template":"","format":"standard","meta":{"_acf_changed":false,"_exactmetrics_skip_tracking":false,"_exactmetrics_sitenote_active":false,"_exactmetrics_sitenote_note":"","_exactmetrics_sitenote_category":0,"footnotes":""},"categories":[29,10,79],"tags":[],"class_list":["post-99908","post","type-post","status-publish","format-standard","has-post-thumbnail","hentry","category-actualidad","category-motogp","category-velocidad"],"acf":[],"_links":{"self":[{"href":"https:\/\/fueluniverse.tv\/blog\/wp-json\/wp\/v2\/posts\/99908","targetHints":{"allow":["GET"]}}],"collection":[{"href":"https:\/\/fueluniverse.tv\/blog\/wp-json\/wp\/v2\/posts"}],"about":[{"href":"https:\/\/fueluniverse.tv\/blog\/wp-json\/wp\/v2\/types\/post"}],"author":[{"embeddable":true,"href":"https:\/\/fueluniverse.tv\/blog\/wp-json\/wp\/v2\/users\/10"}],"replies":[{"embeddable":true,"href":"https:\/\/fueluniverse.tv\/blog\/wp-json\/wp\/v2\/comments?post=99908"}],"version-history":[{"count":1,"href":"https:\/\/fueluniverse.tv\/blog\/wp-json\/wp\/v2\/posts\/99908\/revisions"}],"predecessor-version":[{"id":99914,"href":"https:\/\/fueluniverse.tv\/blog\/wp-json\/wp\/v2\/posts\/99908\/revisions\/99914"}],"wp:featuredmedia":[{"embeddable":true,"href":"https:\/\/fueluniverse.tv\/blog\/wp-json\/wp\/v2\/media\/99909"}],"wp:attachment":[{"href":"https:\/\/fueluniverse.tv\/blog\/wp-json\/wp\/v2\/media?parent=99908"}],"wp:term":[{"taxonomy":"category","embeddable":true,"href":"https:\/\/fueluniverse.tv\/blog\/wp-json\/wp\/v2\/categories?post=99908"},{"taxonomy":"post_tag","embeddable":true,"href":"https:\/\/fueluniverse.tv\/blog\/wp-json\/wp\/v2\/tags?post=99908"}],"curies":[{"name":"wp","href":"https:\/\/api.w.org\/{rel}","templated":true}]}}