{"id":99984,"date":"2024-10-01T17:13:11","date_gmt":"2024-10-01T20:13:11","guid":{"rendered":"https:\/\/fueluniverse.tv\/blog\/?p=99984"},"modified":"2024-10-01T17:13:13","modified_gmt":"2024-10-01T20:13:13","slug":"victorias-de-peralta-valor-y-salom-en-san-juan","status":"publish","type":"post","link":"https:\/\/fueluniverse.tv\/blog\/actualidad\/victorias-de-peralta-valor-y-salom-en-san-juan\/","title":{"rendered":"Victorias de Peralta, Valor y Salom en San Juan"},"content":{"rendered":"\n<figure class=\"wp-block-image size-large\"><img decoding=\"async\" width=\"770\" height=\"615\" src=\"https:\/\/fueluniverse.tv\/blog\/wp-content\/uploads\/2024\/10\/Valentin-Valor-770x615.jpg\" alt=\"\" class=\"wp-image-99985\" srcset=\"https:\/\/fueluniverse.tv\/blog\/wp-content\/uploads\/2024\/10\/Valentin-Valor-770x615.jpg 770w, https:\/\/fueluniverse.tv\/blog\/wp-content\/uploads\/2024\/10\/Valentin-Valor-480x383.jpg 480w, https:\/\/fueluniverse.tv\/blog\/wp-content\/uploads\/2024\/10\/Valentin-Valor-768x613.jpg 768w, https:\/\/fueluniverse.tv\/blog\/wp-content\/uploads\/2024\/10\/Valentin-Valor.jpg 899w\" sizes=\"(max-width: 770px) 100vw, 770px\" \/><\/figure>\n\n\n\n<p>Valent\u00edn Valor gan\u00f3 su tercera final de Superbike Argentino y 9a de la Temporada sumando las del Superbike Bonaerense. El piloto de Saladillo se impuso \u00e9ste domingo 29 de septiembre en la final al del Supersport 300cc y es l\u00edder con puntaje perfecto: 3 de 3 para el piloto de Zanatta.<\/p>\n\n\n\n<p>El podio fue con los dos pilotos del MM Racing: segunda vez para Santiago Gossa en P2 y con el campe\u00f3n 2019 del 250, Mateo Mayorga en P3.<\/p>\n\n\n\n<p>El poleman de la fecha, Juan Viera debi\u00f3 abandonar por problemas de frenos que le impidi\u00f3 seguir en pista.<\/p>\n\n\n\n<p>Luego se ubicaron Francisco V\u00e9lez, que debut\u00f3 en el 700, Facundo Medina, que estren\u00f3 mec\u00e1nica de Tibaldi, y los pilotos Am\u00e9rica Latina de R15 Valentino Milone, Benjam\u00edn Peralta y Patricio Celi, \u00e9ste \u00faltimo ya recuperado de su lesi\u00f3n de clav\u00edcula. <\/p>\n\n\n\n<figure class=\"wp-block-image size-large\"><img decoding=\"async\" width=\"770\" height=\"766\" src=\"https:\/\/fueluniverse.tv\/blog\/wp-content\/uploads\/2024\/10\/Salom-770x766.jpg\" alt=\"\" class=\"wp-image-99987\" srcset=\"https:\/\/fueluniverse.tv\/blog\/wp-content\/uploads\/2024\/10\/Salom-770x766.jpg 770w, https:\/\/fueluniverse.tv\/blog\/wp-content\/uploads\/2024\/10\/Salom-480x477.jpg 480w, https:\/\/fueluniverse.tv\/blog\/wp-content\/uploads\/2024\/10\/Salom-768x764.jpg 768w, https:\/\/fueluniverse.tv\/blog\/wp-content\/uploads\/2024\/10\/Salom.jpg 1200w\" sizes=\"(max-width: 770px) 100vw, 770px\" \/><\/figure>\n\n\n\n<p><em><strong>SALOM EN EL 700. PODIOS DE CA\u00d1ADAS y VALOR.<\/strong><\/em><\/p>\n\n\n\n<p>Sebasti\u00e1n Salom se impuso en la Final de la Categor\u00eda SuperSport 700cc (MotoAr) del CAV en la Fecha 3 que se desarroll\u00f3 en el Circuito San Juan Villicum. El chaque\u00f1o gan\u00f3 como en San Nicol\u00e1s con el cordob\u00e9s Alberto Ca\u00f1adas y el piloto Am\u00e9rica Latina de R3 Valentin Valor en 2\u00b0 y 3\u00b0 lugar respectivamente. &#8211;<\/p>\n\n\n\n<figure class=\"wp-block-image size-large\"><img decoding=\"async\" width=\"770\" height=\"538\" src=\"https:\/\/fueluniverse.tv\/blog\/wp-content\/uploads\/2024\/10\/Peralta-San-Juan-770x538.jpg\" alt=\"\" class=\"wp-image-99986\" srcset=\"https:\/\/fueluniverse.tv\/blog\/wp-content\/uploads\/2024\/10\/Peralta-San-Juan-770x538.jpg 770w, https:\/\/fueluniverse.tv\/blog\/wp-content\/uploads\/2024\/10\/Peralta-San-Juan-480x336.jpg 480w, https:\/\/fueluniverse.tv\/blog\/wp-content\/uploads\/2024\/10\/Peralta-San-Juan-768x537.jpg 768w, https:\/\/fueluniverse.tv\/blog\/wp-content\/uploads\/2024\/10\/Peralta-San-Juan.jpg 1389w\" sizes=\"(max-width: 770px) 100vw, 770px\" \/><\/figure>\n\n\n\n<p><em><strong>PERALTA, TERCERA DEL A\u00d1O y DEBUT EN EL SSP300<\/strong><\/em><\/p>\n\n\n\n<p>El actual campe\u00f3n de la Junior Cup Benjam\u00edn Peralta meti\u00f3 otro 1 en el 250. El piloto de San Carlos Centro gan\u00f3 en la Final. Para Peralta fue el 3\u00b0 triunfo de 2024 y el 6\u00b0 en el asfalto dentro del SBK Argentino.<\/p>\n\n\n\n<p>Lo acompa\u00f1aron en el podio como en Buenos Aires y San Nicol\u00e1s, Ignacio Lemos Becerro de Catamarca del equipo de Celi Competici\u00f3n y Lorenzo Tiberi del MM Racing de Bell Ville, C\u00f3rdoba.<\/p>\n\n\n\n<p>Adem\u00e1s, Peralta debut\u00f3 en el SuperSport300 con mec\u00e1nica propia sobre una Yamaha R3. Para Benjam\u00edn toca ahora la 4a Fecha del Am\u00e9rica Latina de R15 en Cascavel, el 18 y 19 de octubre.-<\/p>\n","protected":false},"excerpt":{"rendered":"<p>Valent\u00edn Valor gan\u00f3 su tercera final de Superbike Argentino y 9a de la Temporada sumando las del Superbike Bonaerense. El  [+]<\/p>\n","protected":false},"author":10,"featured_media":99985,"comment_status":"closed","ping_status":"closed","sticky":false,"template":"","format":"standard","meta":{"_acf_changed":false,"_exactmetrics_skip_tracking":false,"_exactmetrics_sitenote_active":false,"_exactmetrics_sitenote_note":"","_exactmetrics_sitenote_category":0,"footnotes":""},"categories":[29,3657],"tags":[],"class_list":["post-99984","post","type-post","status-publish","format-standard","has-post-thumbnail","hentry","category-actualidad","category-superbike-argentino"],"acf":[],"_links":{"self":[{"href":"https:\/\/fueluniverse.tv\/blog\/wp-json\/wp\/v2\/posts\/99984","targetHints":{"allow":["GET"]}}],"collection":[{"href":"https:\/\/fueluniverse.tv\/blog\/wp-json\/wp\/v2\/posts"}],"about":[{"href":"https:\/\/fueluniverse.tv\/blog\/wp-json\/wp\/v2\/types\/post"}],"author":[{"embeddable":true,"href":"https:\/\/fueluniverse.tv\/blog\/wp-json\/wp\/v2\/users\/10"}],"replies":[{"embeddable":true,"href":"https:\/\/fueluniverse.tv\/blog\/wp-json\/wp\/v2\/comments?post=99984"}],"version-history":[{"count":2,"href":"https:\/\/fueluniverse.tv\/blog\/wp-json\/wp\/v2\/posts\/99984\/revisions"}],"predecessor-version":[{"id":99989,"href":"https:\/\/fueluniverse.tv\/blog\/wp-json\/wp\/v2\/posts\/99984\/revisions\/99989"}],"wp:featuredmedia":[{"embeddable":true,"href":"https:\/\/fueluniverse.tv\/blog\/wp-json\/wp\/v2\/media\/99985"}],"wp:attachment":[{"href":"https:\/\/fueluniverse.tv\/blog\/wp-json\/wp\/v2\/media?parent=99984"}],"wp:term":[{"taxonomy":"category","embeddable":true,"href":"https:\/\/fueluniverse.tv\/blog\/wp-json\/wp\/v2\/categories?post=99984"},{"taxonomy":"post_tag","embeddable":true,"href":"https:\/\/fueluniverse.tv\/blog\/wp-json\/wp\/v2\/tags?post=99984"}],"curies":[{"name":"wp","href":"https:\/\/api.w.org\/{rel}","templated":true}]}}